{"id":2952,"date":"2012-01-01T10:58:45","date_gmt":"2012-01-01T09:58:45","guid":{"rendered":"http:\/\/www.cykloklubpodbiel.sk\/?p=2952"},"modified":"2012-01-01T16:45:34","modified_gmt":"2012-01-01T15:45:34","slug":"silvestrovska-kapustnica-2","status":"publish","type":"post","link":"https:\/\/www.cykloklubpodbiel.sk\/?p=2952","title":{"rendered":"Silvestrovsk\u00e1 kapustnica"},"content":{"rendered":"<div class=\"mceTemp\">\n<div class=\"mceTemp\"><span style=\"font-size: x-small;\"> <\/span><\/div>\n<div id=\"attachment_199\" style=\"width: 309px\" class=\"wp-caption alignleft\"><a href=\"http:\/\/www.cykloklubpodbiel.sk\/wp-content\/uploads\/2011\/12\/kapustnicacskala.jpg\"><strong><img aria-describedby=\"caption-attachment-199\" loading=\"lazy\" class=\"size-medium wp-image-199\" title=\"Atmosf\u00e9ra po\u010das varenia Silvestrovskej kapustnice\" src=\"http:\/\/www.cykloklubpodbiel.sk\/wp-content\/uploads\/2011\/12\/t_kapustnicacskala.jpg\" alt=\"\u010cerven\u00e1 skala\" width=\"299\" height=\"199\" \/><\/strong><\/a><p id=\"caption-attachment-199\" class=\"wp-caption-text\">Atmosf\u00e9ra po\u010das varenia Silvestrovskej kapustnice<\/p><\/div>\n<p style=\"text-align: justify;\"><span style=\"color: #000000;\"><strong>P<\/strong>osledn\u00fd<\/span> <span style=\"color: #000000;\">de\u0148 v roku<\/span> <strong><span style=\"color: #ff0000;\">31.decembra 2011<\/span><\/strong> <span style=\"color: #000000;\"><span style=\"color: #000000;\">sme sa u\u017e po 4.kr\u00e1t stretli pri Silvestrovskej kapustnici na \u010cervenej skale. V noci n\u00e1m napadlo asi 5 cm snehu, tak\u017ee r\u00e1no sme sa zobudili do bielej zasne\u017eenej krajiny. U\u017e r\u00e1no sme sa vybrali s kotl\u00edkom na \u010cerven\u00fa skalu, kde n\u00e1m pomohol Pa\u013eo, ktor\u00fd n\u00e1m vyviezol hore v\u00e4\u010d\u0161iu \u010das\u0165 materi\u00e1lu. Po\u010dasie bolo pr\u00edjemn\u00e9. Niekedy husto sne\u017eilo, potom zasa vy\u0161lo slnko, no bolo \u00fapln\u00e9 bezvetrie. Du\u0161an pripravil drevo na vatru a pod kotl\u00edk, Pa\u013eo s Pe\u0165om u\u017e vlievali kapustnicu do kotl\u00edka, no a ke\u010f \u013eudia za\u010dali postupne prich\u00e1dza\u0165, Jozef ich v\u00edtal&#8230;<\/span><br \/>\n<\/span><\/p>\n<p style=\"text-align: justify;\"><a class=\"aligncenter\" title=\"\u010cerven\u00e1 skala\" href=\"http:\/\/www.cykloklubpodbiel.sk\/?page_id=2955\" target=\"_blank\">&#8230;cel\u00fd \u010dl\u00e1nok <\/a><\/p>\n<\/div>\n","protected":false},"excerpt":{"rendered":"<p>Posledn\u00fd de\u0148 v roku 31.decembra 2011 sme sa u\u017e po 4.kr\u00e1t stretli pri Silvestrovskej kapustnici na \u010cervenej skale. V noci n\u00e1m napadlo asi 5 cm snehu, tak\u017ee r\u00e1no sme sa zobudili do bielej zasne\u017eenej krajiny. U\u017e r\u00e1no sme sa vybrali s kotl\u00edkom na \u010cerven\u00fa skalu, kde n\u00e1m pomohol Pa\u013eo, ktor\u00fd n\u00e1m vyviezol hore v\u00e4\u010d\u0161iu \u010das\u0165 [&hellip;]<\/p>\n","protected":false},"author":1,"featured_media":0,"comment_status":"open","ping_status":"open","sticky":false,"template":"","format":"standard","meta":{"advgb_blocks_editor_width":"","advgb_blocks_columns_visual_guide":"","ngg_post_thumbnail":0},"categories":[1],"tags":[],"author_meta":{"display_name":"\u013dubom\u00edr Franko","author_link":"https:\/\/www.cykloklubpodbiel.sk\/?author=1"},"featured_img":null,"coauthors":[],"tax_additional":{"categories":{"linked":["<a href=\"https:\/\/www.cykloklubpodbiel.sk\/?cat=1\" class=\"advgb-post-tax-term\">Arch\u00edv<\/a>"],"unlinked":["<span class=\"advgb-post-tax-term\">Arch\u00edv<\/span>"]}},"comment_count":"0","relative_dates":{"created":"Posted 14 years ago","modified":"Updated 14 years ago"},"absolute_dates":{"created":"Posted on 1. Janu\u00e1r 2012","modified":"Updated on 1. Janu\u00e1r 2012"},"absolute_dates_time":{"created":"Posted on 1. Janu\u00e1r 2012 10:58","modified":"Updated on 1. Janu\u00e1r 2012 16:45"},"featured_img_caption":"","series_order":"","_links":{"self":[{"href":"https:\/\/www.cykloklubpodbiel.sk\/index.php?rest_route=\/wp\/v2\/posts\/2952"}],"collection":[{"href":"https:\/\/www.cykloklubpodbiel.sk\/index.php?rest_route=\/wp\/v2\/posts"}],"about":[{"href":"https:\/\/www.cykloklubpodbiel.sk\/index.php?rest_route=\/wp\/v2\/types\/post"}],"author":[{"embeddable":true,"href":"https:\/\/www.cykloklubpodbiel.sk\/index.php?rest_route=\/wp\/v2\/users\/1"}],"replies":[{"embeddable":true,"href":"https:\/\/www.cykloklubpodbiel.sk\/index.php?rest_route=%2Fwp%2Fv2%2Fcomments&post=2952"}],"version-history":[{"count":6,"href":"https:\/\/www.cykloklubpodbiel.sk\/index.php?rest_route=\/wp\/v2\/posts\/2952\/revisions"}],"predecessor-version":[{"id":2973,"href":"https:\/\/www.cykloklubpodbiel.sk\/index.php?rest_route=\/wp\/v2\/posts\/2952\/revisions\/2973"}],"wp:attachment":[{"href":"https:\/\/www.cykloklubpodbiel.sk\/index.php?rest_route=%2Fwp%2Fv2%2Fmedia&parent=2952"}],"wp:term":[{"taxonomy":"category","embeddable":true,"href":"https:\/\/www.cykloklubpodbiel.sk\/index.php?rest_route=%2Fwp%2Fv2%2Fcategories&post=2952"},{"taxonomy":"post_tag","embeddable":true,"href":"https:\/\/www.cykloklubpodbiel.sk\/index.php?rest_route=%2Fwp%2Fv2%2Ftags&post=2952"}],"curies":[{"name":"wp","href":"https:\/\/api.w.org\/{rel}","templated":true}]}}