{"id":2739,"date":"2011-11-08T20:37:42","date_gmt":"2011-11-08T19:37:42","guid":{"rendered":"http:\/\/www.cykloklubpodbiel.sk\/?p=2739"},"modified":"2011-11-18T20:39:22","modified_gmt":"2011-11-18T19:39:22","slug":"cyklotura-na-magurku","status":"publish","type":"post","link":"https:\/\/www.cykloklubpodbiel.sk\/?p=2739","title":{"rendered":"Cyklot\u00fara na Magurku"},"content":{"rendered":"<div class=\"mceTemp\">\n<div class=\"mceTemp\"><span style=\"font-size: x-small;\"> <\/span><\/div>\n<div id=\"attachment_199\" style=\"width: 309px\" class=\"wp-caption alignleft\"><a href=\"http:\/\/www.cykloklubpodbiel.sk\/wp-content\/uploads\/2011\/11\/magurka.jpg\"><strong><img aria-describedby=\"caption-attachment-199\" loading=\"lazy\" class=\"size-medium wp-image-199\" title=\"Odpo\u010dinok nad panor\u00e1mou Oravskej priehrady\" src=\"http:\/\/www.cykloklubpodbiel.sk\/wp-content\/uploads\/2011\/11\/t_magurka.jpg\" alt=\"Magurka\" width=\"299\" height=\"199\" \/><\/strong><\/a><p id=\"caption-attachment-199\" class=\"wp-caption-text\">Odpo\u010dinok nad panor\u00e1mou Oravskej priehrady<\/p><\/div>\n<p style=\"text-align: justify;\"><span style=\"color: #000000;\"><strong>Z<\/strong>a\u010diatkom novembra<\/span><span style=\"color: #ff0000;\"> <\/span><strong><span style=\"color: #ff0000;\">6.novembra 2011<\/span><span style=\"color: #000000;\">,<\/span><\/strong><span style=\"color: #000000;\"><span style=\"color: #000000;\"> ke\u010f sme u\u017e pomaly v\u0161etci mali odlo\u017een\u00e9 bicykle na &#8220;prezimovanie&#8221;, prekvapilo n\u00e1s jesenn\u00e9 a\u00a0na t\u00fato dobu dos\u0165 tepl\u00e9 slnko. Ve\u010f v\u00a0tieni bolo e\u0161te st\u00e1le cez 15\u00b0C. Nedalo n\u00e1m to a\u00a0tak sme sa vybrali na cyklot\u00faru, ktor\u00fa sa n\u00e1m v\u00a0lete nepodarilo uskuto\u010dni\u0165. Zr\u00e1na bola hmla a\u00a0dos\u0165 chladno, no u\u017e po prvom kilometri sa n\u00e1m uk\u00e1zalo slnko a\u00a0za\u010dalo n\u00e1s zohrieva\u0165 svojimi l\u00fa\u010dmi. Pri st\u00fapan\u00ed na Magurku sme mali pod nami cel\u00fa panor\u00e1mu Oravskej priehrady, ktor\u00e1 sa rozp\u00edna a\u017e do Po\u013eska. St\u00fapanie bolo v\u00a0niektor\u00fdch \u00fasekoch trochu strm\u0161ie, ale&#8230;<\/span><br \/>\n<\/span><\/p>\n<p style=\"text-align: justify;\"><a class=\"aligncenter\" title=\"Magurka\" href=\"http:\/\/www.cykloklubpodbiel.sk\/?page_id=2741\" target=\"_blank\">&#8230;cel\u00fd \u010dl\u00e1nok <\/a><\/p>\n<\/div>\n","protected":false},"excerpt":{"rendered":"<p>Za\u010diatkom novembra 6.novembra 2011, ke\u010f sme u\u017e pomaly v\u0161etci mali odlo\u017een\u00e9 bicykle na &#8220;prezimovanie&#8221;, prekvapilo n\u00e1s jesenn\u00e9 a\u00a0na t\u00fato dobu dos\u0165 tepl\u00e9 slnko. Ve\u010f v\u00a0tieni bolo e\u0161te st\u00e1le cez 15\u00b0C. Nedalo n\u00e1m to a\u00a0tak sme sa vybrali na cyklot\u00faru, ktor\u00fa sa n\u00e1m v\u00a0lete nepodarilo uskuto\u010dni\u0165. Zr\u00e1na bola hmla a\u00a0dos\u0165 chladno, no u\u017e po prvom kilometri [&hellip;]<\/p>\n","protected":false},"author":1,"featured_media":0,"comment_status":"open","ping_status":"open","sticky":false,"template":"","format":"standard","meta":{"advgb_blocks_editor_width":"","advgb_blocks_columns_visual_guide":"","ngg_post_thumbnail":0},"categories":[1],"tags":[],"author_meta":{"display_name":"\u013dubom\u00edr Franko","author_link":"https:\/\/www.cykloklubpodbiel.sk\/?author=1"},"featured_img":null,"coauthors":[],"tax_additional":{"categories":{"linked":["<a href=\"https:\/\/www.cykloklubpodbiel.sk\/?cat=1\" class=\"advgb-post-tax-term\">Arch\u00edv<\/a>"],"unlinked":["<span class=\"advgb-post-tax-term\">Arch\u00edv<\/span>"]}},"comment_count":"0","relative_dates":{"created":"Posted 14 years ago","modified":"Updated 14 years ago"},"absolute_dates":{"created":"Posted on 8. November 2011","modified":"Updated on 18. November 2011"},"absolute_dates_time":{"created":"Posted on 8. November 2011 20:37","modified":"Updated on 18. November 2011 20:39"},"featured_img_caption":"","series_order":"","_links":{"self":[{"href":"https:\/\/www.cykloklubpodbiel.sk\/index.php?rest_route=\/wp\/v2\/posts\/2739"}],"collection":[{"href":"https:\/\/www.cykloklubpodbiel.sk\/index.php?rest_route=\/wp\/v2\/posts"}],"about":[{"href":"https:\/\/www.cykloklubpodbiel.sk\/index.php?rest_route=\/wp\/v2\/types\/post"}],"author":[{"embeddable":true,"href":"https:\/\/www.cykloklubpodbiel.sk\/index.php?rest_route=\/wp\/v2\/users\/1"}],"replies":[{"embeddable":true,"href":"https:\/\/www.cykloklubpodbiel.sk\/index.php?rest_route=%2Fwp%2Fv2%2Fcomments&post=2739"}],"version-history":[{"count":9,"href":"https:\/\/www.cykloklubpodbiel.sk\/index.php?rest_route=\/wp\/v2\/posts\/2739\/revisions"}],"predecessor-version":[{"id":2774,"href":"https:\/\/www.cykloklubpodbiel.sk\/index.php?rest_route=\/wp\/v2\/posts\/2739\/revisions\/2774"}],"wp:attachment":[{"href":"https:\/\/www.cykloklubpodbiel.sk\/index.php?rest_route=%2Fwp%2Fv2%2Fmedia&parent=2739"}],"wp:term":[{"taxonomy":"category","embeddable":true,"href":"https:\/\/www.cykloklubpodbiel.sk\/index.php?rest_route=%2Fwp%2Fv2%2Fcategories&post=2739"},{"taxonomy":"post_tag","embeddable":true,"href":"https:\/\/www.cykloklubpodbiel.sk\/index.php?rest_route=%2Fwp%2Fv2%2Ftags&post=2739"}],"curies":[{"name":"wp","href":"https:\/\/api.w.org\/{rel}","templated":true}]}}