{"id":2644,"date":"2011-08-23T15:11:36","date_gmt":"2011-08-23T14:11:36","guid":{"rendered":"http:\/\/www.cykloklubpodbiel.sk\/?p=2644"},"modified":"2011-11-18T20:39:08","modified_gmt":"2011-11-18T19:39:08","slug":"iii-rocnik-cyklistickej-casovky","status":"publish","type":"post","link":"https:\/\/www.cykloklubpodbiel.sk\/?p=2644","title":{"rendered":"III.ro\u010dn\u00edk Cyklistickej \u010dasovky"},"content":{"rendered":"<div class=\"mceTemp\">\n<div class=\"mceTemp\"><span style=\"font-size: x-small;\"> <\/span><\/div>\n<div id=\"attachment_199\" style=\"width: 309px\" class=\"wp-caption alignleft\"><a href=\"http:\/\/www.cykloklubpodbiel.sk\/wp-content\/uploads\/2011\/08\/cyklocasovka.jpg\"><strong><img aria-describedby=\"caption-attachment-199\" loading=\"lazy\" class=\"size-medium wp-image-150\" title=\"Najmlad\u0161\u00ed pretek\u00e1ri pripraven\u00ed na \u0161tarte\" src=\"http:\/\/www.cykloklubpodbiel.sk\/wp-content\/uploads\/2011\/08\/t_cyklocasovka.jpg\" alt=\"Cyklistick\u00e1 \u010dasovka\" width=\"299\" height=\"199\" \/><\/strong><\/a><p id=\"caption-attachment-199\" class=\"wp-caption-text\">Najmlad\u0161\u00ed pretek\u00e1ri pripraven\u00ed na \u0161tarte<\/p><\/div>\n<p style=\"text-align: justify;\"><span style=\"color: #000000;\"><strong>V<\/strong> nede\u013eu<\/span> <span style=\"color: #ff0000;\"><strong>21<\/strong><\/span><span style=\"color: #ff0000;\"><strong>.augusta  2011<\/strong><\/span> <span style=\"color: #000000;\">sa uskuto\u010dnil u\u017e III.ro\u010dn\u00edk Cyklistickej \u010dasovky, na ktorom sa z\u00fa\u010dastnilo v 13.kateg\u00f3riach a\u017e 54 pretek\u00e1rov. Na trati dlhej 460 m, za kr\u00e1sneho slne\u010dn\u00e9ho po\u010dasia, s\u00fa\u0165a\u017eili \u0161portovci od t\u00fdch najmlad\u0161\u00edch po t\u00fdch sk\u00f4r naroden\u00fdch. O bezpe\u010dnos\u0165 na trati sa starali \u010dlenovia Cykloturistick\u00e9ho klubu Podbiel a pretek\u00e1rov povzbudzovali obyvatelia obce Podbiel. Po pretekoch nasledovala &#8220;Jazda zru\u010dnosti&#8221;, kde si hlavne deti mohli vysk\u00fa\u0161a\u0165 svoju zru\u010dnos\u0165 na bicykli. Pok\u00fa\u0161ali sa zdola\u0165 slalom pomedzi ku\u017eele, prenies\u0165 poh\u00e1r vody z jedn\u00e9ho miesta do druh\u00e9ho a zdol\u00e1va\u0165 ostr\u00e9 z\u00e1kruty. Po vydarenej akcii boli v\u0161etci&#8230;<\/span><\/p>\n<p><span style=\"color: #000000;\"> <\/span><a class=\"aligncenter\" title=\"preteky\" href=\"http:\/\/www.cykloklubpodbiel.sk\/?page_id=2648\" target=\"_blank\">&#8230;cel\u00fd \u010dl\u00e1nok <\/a><\/p>\n<\/div>\n","protected":false},"excerpt":{"rendered":"<p>V nede\u013eu 21.augusta 2011 sa uskuto\u010dnil u\u017e III.ro\u010dn\u00edk Cyklistickej \u010dasovky, na ktorom sa z\u00fa\u010dastnilo v 13.kateg\u00f3riach a\u017e 54 pretek\u00e1rov. Na trati dlhej 460 m, za kr\u00e1sneho slne\u010dn\u00e9ho po\u010dasia, s\u00fa\u0165a\u017eili \u0161portovci od t\u00fdch najmlad\u0161\u00edch po t\u00fdch sk\u00f4r naroden\u00fdch. O bezpe\u010dnos\u0165 na trati sa starali \u010dlenovia Cykloturistick\u00e9ho klubu Podbiel a pretek\u00e1rov povzbudzovali obyvatelia obce Podbiel. Po pretekoch [&hellip;]<\/p>\n","protected":false},"author":1,"featured_media":0,"comment_status":"open","ping_status":"open","sticky":false,"template":"","format":"standard","meta":{"advgb_blocks_editor_width":"","advgb_blocks_columns_visual_guide":"","ngg_post_thumbnail":0},"categories":[1],"tags":[],"author_meta":{"display_name":"\u013dubom\u00edr Franko","author_link":"https:\/\/www.cykloklubpodbiel.sk\/?author=1"},"featured_img":null,"coauthors":[],"tax_additional":{"categories":{"linked":["<a href=\"https:\/\/www.cykloklubpodbiel.sk\/?cat=1\" class=\"advgb-post-tax-term\">Arch\u00edv<\/a>"],"unlinked":["<span class=\"advgb-post-tax-term\">Arch\u00edv<\/span>"]}},"comment_count":"0","relative_dates":{"created":"Posted 15 years ago","modified":"Updated 14 years ago"},"absolute_dates":{"created":"Posted on 23. August 2011","modified":"Updated on 18. November 2011"},"absolute_dates_time":{"created":"Posted on 23. August 2011 15:11","modified":"Updated on 18. November 2011 20:39"},"featured_img_caption":"","series_order":"","_links":{"self":[{"href":"https:\/\/www.cykloklubpodbiel.sk\/index.php?rest_route=\/wp\/v2\/posts\/2644"}],"collection":[{"href":"https:\/\/www.cykloklubpodbiel.sk\/index.php?rest_route=\/wp\/v2\/posts"}],"about":[{"href":"https:\/\/www.cykloklubpodbiel.sk\/index.php?rest_route=\/wp\/v2\/types\/post"}],"author":[{"embeddable":true,"href":"https:\/\/www.cykloklubpodbiel.sk\/index.php?rest_route=\/wp\/v2\/users\/1"}],"replies":[{"embeddable":true,"href":"https:\/\/www.cykloklubpodbiel.sk\/index.php?rest_route=%2Fwp%2Fv2%2Fcomments&post=2644"}],"version-history":[{"count":9,"href":"https:\/\/www.cykloklubpodbiel.sk\/index.php?rest_route=\/wp\/v2\/posts\/2644\/revisions"}],"predecessor-version":[{"id":2773,"href":"https:\/\/www.cykloklubpodbiel.sk\/index.php?rest_route=\/wp\/v2\/posts\/2644\/revisions\/2773"}],"wp:attachment":[{"href":"https:\/\/www.cykloklubpodbiel.sk\/index.php?rest_route=%2Fwp%2Fv2%2Fmedia&parent=2644"}],"wp:term":[{"taxonomy":"category","embeddable":true,"href":"https:\/\/www.cykloklubpodbiel.sk\/index.php?rest_route=%2Fwp%2Fv2%2Fcategories&post=2644"},{"taxonomy":"post_tag","embeddable":true,"href":"https:\/\/www.cykloklubpodbiel.sk\/index.php?rest_route=%2Fwp%2Fv2%2Ftags&post=2644"}],"curies":[{"name":"wp","href":"https:\/\/api.w.org\/{rel}","templated":true}]}}