{"id":2547,"date":"2011-09-24T09:25:38","date_gmt":"2011-09-24T08:25:38","guid":{"rendered":"http:\/\/www.cykloklubpodbiel.sk\/?p=2547"},"modified":"2011-09-24T09:26:13","modified_gmt":"2011-09-24T08:26:13","slug":"chata-pod-kubinskou-holou","status":"publish","type":"post","link":"https:\/\/www.cykloklubpodbiel.sk\/?p=2547","title":{"rendered":"chata pod Kub\u00ednskou ho\u013eou"},"content":{"rendered":"<div class=\"mceTemp\">\n<div class=\"mceTemp\"><span style=\"font-size: x-small;\"> <\/span><\/div>\n<div id=\"attachment_199\" style=\"width: 309px\" class=\"wp-caption alignleft\"><a href=\"http:\/\/www.cykloklubpodbiel.sk\/wp-content\/uploads\/2011\/09\/kubinskahola.jpg\"><strong><img aria-describedby=\"caption-attachment-199\" loading=\"lazy\" class=\"size-medium wp-image-199\" title=\"na chate pod Kub\u00ednskou ho\u013eou\" src=\"http:\/\/www.cykloklubpodbiel.sk\/wp-content\/uploads\/2011\/09\/t_kubinskahola.jpg\" alt=\"Kubinska hola\" width=\"299\" height=\"199\" \/><\/strong><\/a><p id=\"caption-attachment-199\" class=\"wp-caption-text\">na chate pod Kub\u00ednskou ho\u013eou<\/p><\/div>\n<p style=\"text-align: justify;\"><span style=\"color: #000000;\"><span style=\"color: #000000;\"><strong>D<\/strong>\u0148a <strong><span style=\"color: #ff0000;\">18.septembra 2011<\/span><\/strong> n\u00e1s \u010dakala \u010fal\u0161ia u\u017e takmer jesenn\u00e1 cyklot\u00fara, ktor\u00e1 smerovala hrebe\u0148om Magury cez Pr\u00edslop, a\u017e na chatu pod Kub\u00ednskou ho\u013eou (1100 m n.m.). Nebola to s\u00edce dlh\u00e1 cyklot\u00fara, okolo 50 km, ale za to ve\u013emi n\u00e1ro\u010dn\u00e1, \u010do sa t\u00fdka prev\u00fd\u0161enia. Z Podbiela sme vyrazili \u0161iesti cyklisti smerom na Petrovku (942 m n.m.), kde sme si odd\u00fdchli po prvom st\u00fapan\u00ed. Nasledoval \u0165a\u017ek\u00fd \u00fasek a\u017e na \u0160ubovku (1128 m n.m.), kde sme miestami museli svoje bicykle aj potla\u010di\u0165. Pot sa n\u00e1m tla\u010dil na \u010delo, no poh\u013ead z hrebe\u0148a Magury n\u00e1m to vynahradil. Po\u010dasie bolo op\u00e4\u0165 kr\u00e1sne a slne\u010dn\u00e9, tak\u017ee oravsk\u00e9 dediny sme mali&#8230;<br \/>\n<\/span><\/span><\/p>\n<p style=\"text-align: justify;\"><a class=\"aligncenter\" title=\"Kub\u00ednska ho\u013ea\" href=\"http:\/\/www.cykloklubpodbiel.sk\/?page_id=2551\" target=\"_blank\">&#8230;cel\u00fd \u010dl\u00e1nok <\/a><\/p>\n<\/div>\n","protected":false},"excerpt":{"rendered":"<p>D\u0148a 18.septembra 2011 n\u00e1s \u010dakala \u010fal\u0161ia u\u017e takmer jesenn\u00e1 cyklot\u00fara, ktor\u00e1 smerovala hrebe\u0148om Magury cez Pr\u00edslop, a\u017e na chatu pod Kub\u00ednskou ho\u013eou (1100 m n.m.). Nebola to s\u00edce dlh\u00e1 cyklot\u00fara, okolo 50 km, ale za to ve\u013emi n\u00e1ro\u010dn\u00e1, \u010do sa t\u00fdka prev\u00fd\u0161enia. Z Podbiela sme vyrazili \u0161iesti cyklisti smerom na Petrovku (942 m n.m.), kde [&hellip;]<\/p>\n","protected":false},"author":1,"featured_media":0,"comment_status":"open","ping_status":"open","sticky":false,"template":"","format":"standard","meta":{"advgb_blocks_editor_width":"","advgb_blocks_columns_visual_guide":"","ngg_post_thumbnail":0},"categories":[1],"tags":[],"author_meta":{"display_name":"\u013dubom\u00edr Franko","author_link":"https:\/\/www.cykloklubpodbiel.sk\/?author=1"},"featured_img":null,"coauthors":[],"tax_additional":{"categories":{"linked":["<a href=\"https:\/\/www.cykloklubpodbiel.sk\/?cat=1\" class=\"advgb-post-tax-term\">Arch\u00edv<\/a>"],"unlinked":["<span class=\"advgb-post-tax-term\">Arch\u00edv<\/span>"]}},"comment_count":"0","relative_dates":{"created":"Posted 15 years ago","modified":"Updated 15 years ago"},"absolute_dates":{"created":"Posted on 24. September 2011","modified":"Updated on 24. September 2011"},"absolute_dates_time":{"created":"Posted on 24. September 2011 9:25","modified":"Updated on 24. September 2011 9:26"},"featured_img_caption":"","series_order":"","_links":{"self":[{"href":"https:\/\/www.cykloklubpodbiel.sk\/index.php?rest_route=\/wp\/v2\/posts\/2547"}],"collection":[{"href":"https:\/\/www.cykloklubpodbiel.sk\/index.php?rest_route=\/wp\/v2\/posts"}],"about":[{"href":"https:\/\/www.cykloklubpodbiel.sk\/index.php?rest_route=\/wp\/v2\/types\/post"}],"author":[{"embeddable":true,"href":"https:\/\/www.cykloklubpodbiel.sk\/index.php?rest_route=\/wp\/v2\/users\/1"}],"replies":[{"embeddable":true,"href":"https:\/\/www.cykloklubpodbiel.sk\/index.php?rest_route=%2Fwp%2Fv2%2Fcomments&post=2547"}],"version-history":[{"count":5,"href":"https:\/\/www.cykloklubpodbiel.sk\/index.php?rest_route=\/wp\/v2\/posts\/2547\/revisions"}],"predecessor-version":[{"id":2575,"href":"https:\/\/www.cykloklubpodbiel.sk\/index.php?rest_route=\/wp\/v2\/posts\/2547\/revisions\/2575"}],"wp:attachment":[{"href":"https:\/\/www.cykloklubpodbiel.sk\/index.php?rest_route=%2Fwp%2Fv2%2Fmedia&parent=2547"}],"wp:term":[{"taxonomy":"category","embeddable":true,"href":"https:\/\/www.cykloklubpodbiel.sk\/index.php?rest_route=%2Fwp%2Fv2%2Fcategories&post=2547"},{"taxonomy":"post_tag","embeddable":true,"href":"https:\/\/www.cykloklubpodbiel.sk\/index.php?rest_route=%2Fwp%2Fv2%2Ftags&post=2547"}],"curies":[{"name":"wp","href":"https:\/\/api.w.org\/{rel}","templated":true}]}}