{"id":2412,"date":"2011-07-20T18:14:00","date_gmt":"2011-07-20T17:14:00","guid":{"rendered":"http:\/\/www.cykloklubpodbiel.sk\/?p=2412"},"modified":"2011-11-05T15:13:28","modified_gmt":"2011-11-05T14:13:28","slug":"cyklotura-do-kalamien","status":"publish","type":"post","link":"https:\/\/www.cykloklubpodbiel.sk\/?p=2412","title":{"rendered":"cyklot\u00fara do Kalamien"},"content":{"rendered":"<div class=\"mceTemp\">\n<div class=\"mceTemp\"><span style=\"font-size: x-small;\"> <\/span><\/div>\n<div id=\"attachment_199\" style=\"width: 309px\" class=\"wp-caption alignleft\"><a href=\"http:\/\/www.cykloklubpodbiel.sk\/wp-content\/uploads\/2011\/07\/kalameny.jpg\"><strong><img aria-describedby=\"caption-attachment-199\" loading=\"lazy\" class=\"size-medium wp-image-199\" title=\"Cykloturisti z Podbiela prech\u00e1dzaj\u00fa Liptovsk\u00fdmi dolinami\" src=\"http:\/\/www.cykloklubpodbiel.sk\/wp-content\/uploads\/2011\/07\/t_kalameny.jpg\" alt=\"Kalameny\" width=\"299\" height=\"199\" \/><\/strong><\/a><p id=\"caption-attachment-199\" class=\"wp-caption-text\">Cykloturisti z Podbiela prech\u00e1dzaj\u00fa Liptovsk\u00fdmi dolinami<\/p><\/div>\n<p style=\"text-align: justify;\"><strong>D<\/strong><span style=\"color: #000000;\">\u0148a <strong><span style=\"color: #ff0000;\">17.j\u00fala 2011<\/span><\/strong> bol op\u00e4\u0165 kr\u00e1sny de\u0148 a\u00a0tak sme sa vybrali na cyklot\u00faru do Kalamien. Do Chlebn\u00edc to bola pohodov\u00e1 jazda takmer po rovinke. No za Chlebnicami n\u00e1s u\u017e \u010dakalo n\u00e1ro\u010dnej\u0161ie st\u00fapanie. Slnko svoje l\u00fa\u010de opieralo o\u00a0na\u0161e \u010del\u00e1 z\u00a0ktor\u00fdch pot poriadne tiekol. Aj Du\u0161anove koleso u\u017e malo toho dos\u0165 a\u00a0tak si du\u0161a trochu vyd\u00fdchla. No nie nadlho, lebo Du\u0161an spolu s\u00a0Milo\u0161om ju vymenili za druh\u00fa. Na kopci n\u00e1s u\u017e \u010dakala skupinka, ktor\u00e1 vybehla nahor ako v\u00edchor. Tu sme si odd\u00fdchli a\u00a0pokra\u010dovali sme po\u013enou cestou poza Malatin\u00fa, kde sa konali Ba\u010dovsk\u00e9 dni, a\u017e do sedla, odkia\u013e sme sa pustili dolinou&#8230;<br \/>\n<\/span><\/p>\n<p style=\"text-align: justify;\"><a class=\"aligncenter\" title=\"Kalameny\" href=\"http:\/\/www.cykloklubpodbiel.sk\/?page_id=2418\" target=\"_blank\">&#8230;cel\u00fd \u010dl\u00e1nok <\/a><\/p>\n<\/div>\n","protected":false},"excerpt":{"rendered":"<p>D\u0148a 17.j\u00fala 2011 bol op\u00e4\u0165 kr\u00e1sny de\u0148 a\u00a0tak sme sa vybrali na cyklot\u00faru do Kalamien. Do Chlebn\u00edc to bola pohodov\u00e1 jazda takmer po rovinke. No za Chlebnicami n\u00e1s u\u017e \u010dakalo n\u00e1ro\u010dnej\u0161ie st\u00fapanie. Slnko svoje l\u00fa\u010de opieralo o\u00a0na\u0161e \u010del\u00e1 z\u00a0ktor\u00fdch pot poriadne tiekol. Aj Du\u0161anove koleso u\u017e malo toho dos\u0165 a\u00a0tak si du\u0161a trochu vyd\u00fdchla. No [&hellip;]<\/p>\n","protected":false},"author":1,"featured_media":0,"comment_status":"open","ping_status":"open","sticky":false,"template":"","format":"standard","meta":{"advgb_blocks_editor_width":"","advgb_blocks_columns_visual_guide":"","ngg_post_thumbnail":0},"categories":[1],"tags":[],"author_meta":{"display_name":"\u013dubom\u00edr Franko","author_link":"https:\/\/www.cykloklubpodbiel.sk\/?author=1"},"featured_img":null,"coauthors":[],"tax_additional":{"categories":{"linked":["<a href=\"https:\/\/www.cykloklubpodbiel.sk\/?cat=1\" class=\"advgb-post-tax-term\">Arch\u00edv<\/a>"],"unlinked":["<span class=\"advgb-post-tax-term\">Arch\u00edv<\/span>"]}},"comment_count":"0","relative_dates":{"created":"Posted 15 years ago","modified":"Updated 14 years ago"},"absolute_dates":{"created":"Posted on 20. J\u00fal 2011","modified":"Updated on 5. November 2011"},"absolute_dates_time":{"created":"Posted on 20. J\u00fal 2011 18:14","modified":"Updated on 5. November 2011 15:13"},"featured_img_caption":"","series_order":"","_links":{"self":[{"href":"https:\/\/www.cykloklubpodbiel.sk\/index.php?rest_route=\/wp\/v2\/posts\/2412"}],"collection":[{"href":"https:\/\/www.cykloklubpodbiel.sk\/index.php?rest_route=\/wp\/v2\/posts"}],"about":[{"href":"https:\/\/www.cykloklubpodbiel.sk\/index.php?rest_route=\/wp\/v2\/types\/post"}],"author":[{"embeddable":true,"href":"https:\/\/www.cykloklubpodbiel.sk\/index.php?rest_route=\/wp\/v2\/users\/1"}],"replies":[{"embeddable":true,"href":"https:\/\/www.cykloklubpodbiel.sk\/index.php?rest_route=%2Fwp%2Fv2%2Fcomments&post=2412"}],"version-history":[{"count":12,"href":"https:\/\/www.cykloklubpodbiel.sk\/index.php?rest_route=\/wp\/v2\/posts\/2412\/revisions"}],"predecessor-version":[{"id":2708,"href":"https:\/\/www.cykloklubpodbiel.sk\/index.php?rest_route=\/wp\/v2\/posts\/2412\/revisions\/2708"}],"wp:attachment":[{"href":"https:\/\/www.cykloklubpodbiel.sk\/index.php?rest_route=%2Fwp%2Fv2%2Fmedia&parent=2412"}],"wp:term":[{"taxonomy":"category","embeddable":true,"href":"https:\/\/www.cykloklubpodbiel.sk\/index.php?rest_route=%2Fwp%2Fv2%2Fcategories&post=2412"},{"taxonomy":"post_tag","embeddable":true,"href":"https:\/\/www.cykloklubpodbiel.sk\/index.php?rest_route=%2Fwp%2Fv2%2Ftags&post=2412"}],"curies":[{"name":"wp","href":"https:\/\/api.w.org\/{rel}","templated":true}]}}