{"id":2345,"date":"2011-07-12T16:31:19","date_gmt":"2011-07-12T15:31:19","guid":{"rendered":"http:\/\/www.cykloklubpodbiel.sk\/?p=2345"},"modified":"2011-07-16T16:32:00","modified_gmt":"2011-07-16T15:32:00","slug":"vystup-na-ostry-rohac","status":"publish","type":"post","link":"https:\/\/www.cykloklubpodbiel.sk\/?p=2345","title":{"rendered":"v\u00fdstup na Ostr\u00fd Roh\u00e1\u010d"},"content":{"rendered":"<div class=\"mceTemp\">\n<div class=\"mceTemp\"><span style=\"font-size: x-small;\"> <\/span><\/div>\n<div id=\"attachment_199\" style=\"width: 309px\" class=\"wp-caption alignleft\"><a href=\"http:\/\/www.cykloklubpodbiel.sk\/wp-content\/uploads\/2011\/07\/ostryrohac.jpg\"><strong><img aria-describedby=\"caption-attachment-199\" loading=\"lazy\" class=\"size-medium wp-image-199\" title=\"Jozef, Pa\u013eo a \u013dubo v sedle Z\u00e1bra\u010f\" src=\"http:\/\/www.cykloklubpodbiel.sk\/wp-content\/uploads\/2011\/07\/t_ostryrohac.jpg\" alt=\"chata L\u00e1tan\u00e1\" width=\"299\" height=\"199\" \/><\/strong><\/a><p id=\"caption-attachment-199\" class=\"wp-caption-text\">Jozef, Pa\u013eo a \u013dubo v sedle Z\u00e1bra\u010f<\/p><\/div>\n<p style=\"text-align: justify;\"><span style=\"color: #000000;\"><span style=\"color: #000000;\"><span style=\"color: #000000;\"> <\/span><\/span><\/span><span style=\"color: #000000;\"><strong>D<\/strong><\/span><span style=\"color: #000000;\">\u0148a<\/span> <span style=\"color: #ff0000;\"><strong>10.j\u00fala 2011<\/strong><\/span> <span style=\"color: #000000;\">sme sa vybrali na prv\u00fa tohtoro\u010dn\u00fa vysokohorsk\u00fa t\u00faru, ktorej cie\u013eom bolo zdola\u0165 vrchol Ostr\u00e9ho Roh\u00e1\u010da (2084 m n.m.). Na popoludnie hl\u00e1sili siln\u00e9 b\u00farky, preto sme sa vybrali na turistiku iba \u0161tyria \u010dlenovia. Kr\u00e1\u010dali sme u\u017e zav\u010dasu r\u00e1no L\u00e1tanou dolinou, ktorou sme sa dostali a\u017e do sedla Z\u00e1bra\u010f (1690 m n.m.). Slnko bolo rozp\u00e1len\u00e9, miestami sa n\u00e1m zadalo, ako by sme kr\u00e1\u010dali v\u00a0peci. Zo sedla Z\u00e1bra\u010f sme mali kr\u00e1sny v\u00fdh\u013ead na vrcholy Z\u00e1padn\u00fdch Tatier. Tu sme si trochu odd\u00fdchli a\u00a0pustili sme sa do \u010fal\u0161ieho st\u00fapania na R\u00e1ko\u0148 (1876 m n.m.). Vietor sa zosilnil, preto sme sa museli u\u010dupi\u0165 viacej k\u00a0zemi&#8230;<\/span><\/p>\n<p style=\"text-align: justify;\"><a class=\"aligncenter\" title=\"v\u00fdstup na Ostr\u00fd Roh\u00e1\u010d\" href=\"http:\/\/www.cykloklubpodbiel.sk\/?page_id=2347\" target=\"_blank\">&#8230;cel\u00fd \u010dl\u00e1nok <\/a><\/p>\n<\/div>\n","protected":false},"excerpt":{"rendered":"<p>D\u0148a 10.j\u00fala 2011 sme sa vybrali na prv\u00fa tohtoro\u010dn\u00fa vysokohorsk\u00fa t\u00faru, ktorej cie\u013eom bolo zdola\u0165 vrchol Ostr\u00e9ho Roh\u00e1\u010da (2084 m n.m.). Na popoludnie hl\u00e1sili siln\u00e9 b\u00farky, preto sme sa vybrali na turistiku iba \u0161tyria \u010dlenovia. Kr\u00e1\u010dali sme u\u017e zav\u010dasu r\u00e1no L\u00e1tanou dolinou, ktorou sme sa dostali a\u017e do sedla Z\u00e1bra\u010f (1690 m n.m.). Slnko bolo [&hellip;]<\/p>\n","protected":false},"author":1,"featured_media":0,"comment_status":"open","ping_status":"open","sticky":false,"template":"","format":"standard","meta":{"advgb_blocks_editor_width":"","advgb_blocks_columns_visual_guide":"","ngg_post_thumbnail":0},"categories":[1],"tags":[],"author_meta":{"display_name":"\u013dubom\u00edr Franko","author_link":"https:\/\/www.cykloklubpodbiel.sk\/?author=1"},"featured_img":null,"coauthors":[],"tax_additional":{"categories":{"linked":["<a href=\"https:\/\/www.cykloklubpodbiel.sk\/?cat=1\" class=\"advgb-post-tax-term\">Arch\u00edv<\/a>"],"unlinked":["<span class=\"advgb-post-tax-term\">Arch\u00edv<\/span>"]}},"comment_count":"0","relative_dates":{"created":"Posted 15 years ago","modified":"Updated 15 years ago"},"absolute_dates":{"created":"Posted on 12. J\u00fal 2011","modified":"Updated on 16. J\u00fal 2011"},"absolute_dates_time":{"created":"Posted on 12. J\u00fal 2011 16:31","modified":"Updated on 16. J\u00fal 2011 16:32"},"featured_img_caption":"","series_order":"","_links":{"self":[{"href":"https:\/\/www.cykloklubpodbiel.sk\/index.php?rest_route=\/wp\/v2\/posts\/2345"}],"collection":[{"href":"https:\/\/www.cykloklubpodbiel.sk\/index.php?rest_route=\/wp\/v2\/posts"}],"about":[{"href":"https:\/\/www.cykloklubpodbiel.sk\/index.php?rest_route=\/wp\/v2\/types\/post"}],"author":[{"embeddable":true,"href":"https:\/\/www.cykloklubpodbiel.sk\/index.php?rest_route=\/wp\/v2\/users\/1"}],"replies":[{"embeddable":true,"href":"https:\/\/www.cykloklubpodbiel.sk\/index.php?rest_route=%2Fwp%2Fv2%2Fcomments&post=2345"}],"version-history":[{"count":9,"href":"https:\/\/www.cykloklubpodbiel.sk\/index.php?rest_route=\/wp\/v2\/posts\/2345\/revisions"}],"predecessor-version":[{"id":2376,"href":"https:\/\/www.cykloklubpodbiel.sk\/index.php?rest_route=\/wp\/v2\/posts\/2345\/revisions\/2376"}],"wp:attachment":[{"href":"https:\/\/www.cykloklubpodbiel.sk\/index.php?rest_route=%2Fwp%2Fv2%2Fmedia&parent=2345"}],"wp:term":[{"taxonomy":"category","embeddable":true,"href":"https:\/\/www.cykloklubpodbiel.sk\/index.php?rest_route=%2Fwp%2Fv2%2Fcategories&post=2345"},{"taxonomy":"post_tag","embeddable":true,"href":"https:\/\/www.cykloklubpodbiel.sk\/index.php?rest_route=%2Fwp%2Fv2%2Ftags&post=2345"}],"curies":[{"name":"wp","href":"https:\/\/api.w.org\/{rel}","templated":true}]}}