{"id":2271,"date":"2011-06-06T16:19:19","date_gmt":"2011-06-06T15:19:19","guid":{"rendered":"http:\/\/www.cykloklubpodbiel.sk\/?p=2271"},"modified":"2011-11-18T20:38:39","modified_gmt":"2011-11-18T19:38:39","slug":"iii-rocnik-veteran-bicykle","status":"publish","type":"post","link":"https:\/\/www.cykloklubpodbiel.sk\/?p=2271","title":{"rendered":"III.ro\u010dn\u00edk Veter\u00e1n bicykle"},"content":{"rendered":"<div class=\"mceTemp\">\n<div class=\"mceTemp\"><span style=\"font-size: x-small;\"> <\/span><\/div>\n<div id=\"attachment_199\" style=\"width: 309px\" class=\"wp-caption alignleft\"><a href=\"http:\/\/www.cykloklubpodbiel.sk\/wp-content\/uploads\/2011\/06\/veteranbicykle9.jpg\"><strong><img aria-describedby=\"caption-attachment-199\" loading=\"lazy\" class=\"size-medium wp-image-150\" title=\"Jazda na star\u00fdch bicykloch\" src=\"http:\/\/www.cykloklubpodbiel.sk\/wp-content\/uploads\/2011\/06\/t_veteranbicykle9.jpg\" alt=\"Jazda na star\u00fdch bicykloch\" width=\"299\" height=\"199\" \/><\/strong><\/a><p id=\"caption-attachment-199\" class=\"wp-caption-text\">Jazda na star\u00fdch bicykloch<\/p><\/div>\n<p style=\"text-align: justify;\"><span style=\"color: #000000;\"><strong>V<\/strong> nede\u013eu<\/span> <span style=\"color: #ff0000;\"><strong>5<\/strong><\/span><span style=\"color: #ff0000;\"><strong>.j\u00fana  2011<\/strong><\/span><span style=\"color: #000000;\"> to bolo u\u017e po tret\u00ed kr\u00e1t, \u010do sa stretli vyzn\u00e1va\u010di star\u00fdch bicyklov v dobovom oble\u010den\u00ed na III.ro\u010dn\u00edka &#8220;Jazdy na star\u00fdch bicykloch&#8221;. V tomto roku to bola ozaj pestr\u00e1 prehliadka. Ve\u010f nech\u00fdbali vojaci z II.svetovej vojny, pr\u00edslu\u0161n\u00edci Verejnej bezpe\u010dnosti, ryb\u00e1ri, \u017eeny a mu\u017ei v krojoch, ml\u00e1denci&#8230; . Pri jazde po uliciach obce Podbiel sprev\u00e1dzalo t\u00fdchto vyzn\u00e1va\u010dov mno\u017estvo det\u00ed a do jazdy n\u00e1m vyhr\u00e1val obecn\u00fd rozhlas. Nakto si mohli t\u00ed star\u0161\u00ed zaspom\u00edna\u0165 na \u010dasy minul\u00e9, kedy sa takto jazdilo. No a t\u00edm mlad\u0161\u00edm sme uk\u00e1zali, \u017ee aj na tak\u00fdchto bicykloch mali na\u0161i predkovia p\u00f4\u017eitok z jazdy. Samozrejme na konci boli&#8230;<br \/>\n<\/span><\/p>\n<p><a class=\"aligncenter\" title=\"Jazda na star\u00fdch bicykloch\" href=\"http:\/\/www.cykloklubpodbiel.sk\/?page_id=2273\" target=\"_blank\">&#8230;cel\u00fd \u010dl\u00e1nok <\/a><\/p>\n<\/div>\n","protected":false},"excerpt":{"rendered":"<p>V nede\u013eu 5.j\u00fana 2011 to bolo u\u017e po tret\u00ed kr\u00e1t, \u010do sa stretli vyzn\u00e1va\u010di star\u00fdch bicyklov v dobovom oble\u010den\u00ed na III.ro\u010dn\u00edka &#8220;Jazdy na star\u00fdch bicykloch&#8221;. V tomto roku to bola ozaj pestr\u00e1 prehliadka. Ve\u010f nech\u00fdbali vojaci z II.svetovej vojny, pr\u00edslu\u0161n\u00edci Verejnej bezpe\u010dnosti, ryb\u00e1ri, \u017eeny a mu\u017ei v krojoch, ml\u00e1denci&#8230; . Pri jazde po uliciach obce [&hellip;]<\/p>\n","protected":false},"author":1,"featured_media":0,"comment_status":"open","ping_status":"open","sticky":false,"template":"","format":"standard","meta":{"advgb_blocks_editor_width":"","advgb_blocks_columns_visual_guide":"","ngg_post_thumbnail":0},"categories":[1],"tags":[],"author_meta":{"display_name":"\u013dubom\u00edr Franko","author_link":"https:\/\/www.cykloklubpodbiel.sk\/?author=1"},"featured_img":null,"coauthors":[],"tax_additional":{"categories":{"linked":["<a href=\"https:\/\/www.cykloklubpodbiel.sk\/?cat=1\" class=\"advgb-post-tax-term\">Arch\u00edv<\/a>"],"unlinked":["<span class=\"advgb-post-tax-term\">Arch\u00edv<\/span>"]}},"comment_count":"0","relative_dates":{"created":"Posted 15 years ago","modified":"Updated 14 years ago"},"absolute_dates":{"created":"Posted on 6. J\u00fan 2011","modified":"Updated on 18. November 2011"},"absolute_dates_time":{"created":"Posted on 6. J\u00fan 2011 16:19","modified":"Updated on 18. November 2011 20:38"},"featured_img_caption":"","series_order":"","_links":{"self":[{"href":"https:\/\/www.cykloklubpodbiel.sk\/index.php?rest_route=\/wp\/v2\/posts\/2271"}],"collection":[{"href":"https:\/\/www.cykloklubpodbiel.sk\/index.php?rest_route=\/wp\/v2\/posts"}],"about":[{"href":"https:\/\/www.cykloklubpodbiel.sk\/index.php?rest_route=\/wp\/v2\/types\/post"}],"author":[{"embeddable":true,"href":"https:\/\/www.cykloklubpodbiel.sk\/index.php?rest_route=\/wp\/v2\/users\/1"}],"replies":[{"embeddable":true,"href":"https:\/\/www.cykloklubpodbiel.sk\/index.php?rest_route=%2Fwp%2Fv2%2Fcomments&post=2271"}],"version-history":[{"count":9,"href":"https:\/\/www.cykloklubpodbiel.sk\/index.php?rest_route=\/wp\/v2\/posts\/2271\/revisions"}],"predecessor-version":[{"id":2772,"href":"https:\/\/www.cykloklubpodbiel.sk\/index.php?rest_route=\/wp\/v2\/posts\/2271\/revisions\/2772"}],"wp:attachment":[{"href":"https:\/\/www.cykloklubpodbiel.sk\/index.php?rest_route=%2Fwp%2Fv2%2Fmedia&parent=2271"}],"wp:term":[{"taxonomy":"category","embeddable":true,"href":"https:\/\/www.cykloklubpodbiel.sk\/index.php?rest_route=%2Fwp%2Fv2%2Fcategories&post=2271"},{"taxonomy":"post_tag","embeddable":true,"href":"https:\/\/www.cykloklubpodbiel.sk\/index.php?rest_route=%2Fwp%2Fv2%2Ftags&post=2271"}],"curies":[{"name":"wp","href":"https:\/\/api.w.org\/{rel}","templated":true}]}}