{"id":2229,"date":"2011-05-24T18:37:06","date_gmt":"2011-05-24T17:37:06","guid":{"rendered":"http:\/\/www.cykloklubpodbiel.sk\/?p=2229"},"modified":"2011-05-29T18:37:32","modified_gmt":"2011-05-29T17:37:32","slug":"cyklomagistrala-oravice","status":"publish","type":"post","link":"https:\/\/www.cykloklubpodbiel.sk\/?p=2229","title":{"rendered":"Cyklomagistr\u00e1la Oravice"},"content":{"rendered":"<div class=\"mceTemp\">\n<div class=\"mceTemp\"><span style=\"font-size: x-small;\"> <\/span><\/div>\n<div id=\"attachment_199\" style=\"width: 309px\" class=\"wp-caption alignleft\"><a href=\"http:\/\/www.cykloklubpodbiel.sk\/wp-content\/uploads\/2011\/05\/magistralaoravice2.jpg\"><strong><img aria-describedby=\"caption-attachment-199\" loading=\"lazy\" class=\"size-medium wp-image-199\" title=\"Po\u010das trasy sme mali kr\u00e1sny v\u00fdh\u013ead na Tvrdo\u0161\u00edn\" src=\"http:\/\/www.cykloklubpodbiel.sk\/wp-content\/uploads\/2011\/05\/t_magistralaoravice2.jpg\" alt=\"Cyklomagistr\u00e1la Oravice\" width=\"299\" height=\"199\" \/><\/strong><\/a><p id=\"caption-attachment-199\" class=\"wp-caption-text\">Po\u010das trasy sme mali kr\u00e1sny v\u00fdh\u013ead na Tvrdo\u0161\u00edn<\/p><\/div>\n<p style=\"text-align: justify;\"><span style=\"color: #000000;\"><strong>V <\/strong><\/span><span style=\"color: #000000;\"><span style=\"color: #000000;\">nede\u013eu<\/span> <strong><span style=\"color: #ff0000;\">22.m\u00e1ja 2011<\/span><\/strong> sme sa prebudili do kr\u00e1sneho slne\u010dn\u00e9ho r\u00e1na. U\u017e okolo 10 hodine sme sa vybrali skupina vy\u0161e dvadsiatich cykloturistov z Podbiela na Cyklomagistr\u00e1lu na Oravsk\u00fa priehradu, kde bol pl\u00e1novan\u00fd spolo\u010dn\u00fd \u0161tart. V Ni\u017enej sa k n\u00e1m pripojila \u010fal\u0161ia skupinka, ktor\u00e1 sa s nami vydala po bo\u010dn\u00fdch a lesn\u00fdch cesti\u010dk\u00e1ch a\u017e do Tvrdo\u0161\u00edna. Priv\u00edtali sme medzi nami na ich prvej cyklot\u00fare aj Ivetu, Pa\u013ea a \u013dubku. Pokra\u010dovali sme smerom okolo vyrovn\u00e1va\u010dky po starej ceste a\u017e do \u0160tefanova, odkia\u013e n\u00e1s \u010dakal u\u017e len k\u00fasok na m\u00far Oravskej priehrady. Tu n\u00e1s u\u017e&#8230;<\/span><\/p>\n<p style=\"text-align: justify;\"><span style=\"color: #000000;\"> <\/span><a class=\"aligncenter\" title=\"Magistr\u00e1la Oravice\" href=\"http:\/\/www.cykloklubpodbiel.sk\/?page_id=2215\" target=\"_blank\">&#8230;cel\u00fd \u010dl\u00e1nok <\/a><\/p>\n<\/div>\n","protected":false},"excerpt":{"rendered":"<p>V nede\u013eu 22.m\u00e1ja 2011 sme sa prebudili do kr\u00e1sneho slne\u010dn\u00e9ho r\u00e1na. U\u017e okolo 10 hodine sme sa vybrali skupina vy\u0161e dvadsiatich cykloturistov z Podbiela na Cyklomagistr\u00e1lu na Oravsk\u00fa priehradu, kde bol pl\u00e1novan\u00fd spolo\u010dn\u00fd \u0161tart. V Ni\u017enej sa k n\u00e1m pripojila \u010fal\u0161ia skupinka, ktor\u00e1 sa s nami vydala po bo\u010dn\u00fdch a lesn\u00fdch cesti\u010dk\u00e1ch a\u017e do Tvrdo\u0161\u00edna. [&hellip;]<\/p>\n","protected":false},"author":1,"featured_media":0,"comment_status":"open","ping_status":"open","sticky":false,"template":"","format":"standard","meta":{"advgb_blocks_editor_width":"","advgb_blocks_columns_visual_guide":"","ngg_post_thumbnail":0},"categories":[1],"tags":[],"author_meta":{"display_name":"\u013dubom\u00edr Franko","author_link":"https:\/\/www.cykloklubpodbiel.sk\/?author=1"},"featured_img":null,"coauthors":[],"tax_additional":{"categories":{"linked":["<a href=\"https:\/\/www.cykloklubpodbiel.sk\/?cat=1\" class=\"advgb-post-tax-term\">Arch\u00edv<\/a>"],"unlinked":["<span class=\"advgb-post-tax-term\">Arch\u00edv<\/span>"]}},"comment_count":"0","relative_dates":{"created":"Posted 15 years ago","modified":"Updated 15 years ago"},"absolute_dates":{"created":"Posted on 24. M\u00e1j 2011","modified":"Updated on 29. M\u00e1j 2011"},"absolute_dates_time":{"created":"Posted on 24. M\u00e1j 2011 18:37","modified":"Updated on 29. M\u00e1j 2011 18:37"},"featured_img_caption":"","series_order":"","_links":{"self":[{"href":"https:\/\/www.cykloklubpodbiel.sk\/index.php?rest_route=\/wp\/v2\/posts\/2229"}],"collection":[{"href":"https:\/\/www.cykloklubpodbiel.sk\/index.php?rest_route=\/wp\/v2\/posts"}],"about":[{"href":"https:\/\/www.cykloklubpodbiel.sk\/index.php?rest_route=\/wp\/v2\/types\/post"}],"author":[{"embeddable":true,"href":"https:\/\/www.cykloklubpodbiel.sk\/index.php?rest_route=\/wp\/v2\/users\/1"}],"replies":[{"embeddable":true,"href":"https:\/\/www.cykloklubpodbiel.sk\/index.php?rest_route=%2Fwp%2Fv2%2Fcomments&post=2229"}],"version-history":[{"count":9,"href":"https:\/\/www.cykloklubpodbiel.sk\/index.php?rest_route=\/wp\/v2\/posts\/2229\/revisions"}],"predecessor-version":[{"id":2239,"href":"https:\/\/www.cykloklubpodbiel.sk\/index.php?rest_route=\/wp\/v2\/posts\/2229\/revisions\/2239"}],"wp:attachment":[{"href":"https:\/\/www.cykloklubpodbiel.sk\/index.php?rest_route=%2Fwp%2Fv2%2Fmedia&parent=2229"}],"wp:term":[{"taxonomy":"category","embeddable":true,"href":"https:\/\/www.cykloklubpodbiel.sk\/index.php?rest_route=%2Fwp%2Fv2%2Fcategories&post=2229"},{"taxonomy":"post_tag","embeddable":true,"href":"https:\/\/www.cykloklubpodbiel.sk\/index.php?rest_route=%2Fwp%2Fv2%2Ftags&post=2229"}],"curies":[{"name":"wp","href":"https:\/\/api.w.org\/{rel}","templated":true}]}}