{"id":2173,"date":"2011-04-20T17:08:43","date_gmt":"2011-04-20T16:08:43","guid":{"rendered":"http:\/\/www.cykloklubpodbiel.sk\/?p=2173"},"modified":"2011-06-04T15:53:26","modified_gmt":"2011-06-04T14:53:26","slug":"vystup-na-petrovku","status":"publish","type":"post","link":"https:\/\/www.cykloklubpodbiel.sk\/?p=2173","title":{"rendered":"opeka\u010dka na Petrovke"},"content":{"rendered":"<div class=\"mceTemp\">\n<div class=\"mceTemp\"><span style=\"font-size: x-small;\"> <\/span><\/div>\n<div id=\"attachment_199\" style=\"width: 309px\" class=\"wp-caption alignleft\"><a href=\"http:\/\/www.cykloklubpodbiel.sk\/wp-content\/uploads\/2011\/04\/petrovka.jpg\"><strong><img aria-describedby=\"caption-attachment-199\" loading=\"lazy\" class=\"size-medium wp-image-199\" title=\"Spolo\u010dn\u00e9 foto skupinky turistov na Petrovke\" src=\"http:\/\/www.cykloklubpodbiel.sk\/wp-content\/uploads\/2011\/04\/t_petrovka.jpg\" alt=\"Petrovka\" width=\"299\" height=\"199\" \/><\/strong><\/a><p id=\"caption-attachment-199\" class=\"wp-caption-text\">Spolo\u010dn\u00e9 foto skupinky turistov na Petrovke<\/p><\/div>\n<p style=\"text-align: justify;\"><strong>D<\/strong>\u0148a <span style=\"color: #ff0000;\"><strong>17.apr\u00edla 2011<\/strong><\/span> sme sa v\u00a0hojnom po\u010dte z\u00fa\u010dastnili v\u00fdstupu na Petrovku. Kr\u00e1sne slne\u010dn\u00e9 r\u00e1no nasved\u010dovalo tomu, \u017ee dne\u0161n\u00fd de\u0148 bude vydaren\u00fd. V\u00fdstup\u00a0 na\u00a0 vrchol\u00a0 u\u017e ka\u017ed\u00fd z\u00a0n\u00e1s d\u00f4verne pozn\u00e1, preto si ka\u017ed\u00fd rozlo\u017e\u00ed sily, aby to \u00faspe\u0161ne zvl\u00e1dol. S\u00a0kr\u00e1tkymi prest\u00e1vkami na ob\u010derstvenie a\u00a0vyd\u00fdchanie sme sa bl\u00ed\u017eili k\u00a0vrcholu. Pa\u013eo Koz\u00e1\u010dik s\u00a0Jo\u017eom Kanderkom sa rozhodli, \u017ee si tro\u0161ku nadbehn\u00fa, aby pripravili ohe\u0148, \u010do bolo ve\u013emi rozumn\u00e9, preto\u017ee ka\u017ed\u00fd z\u00a0n\u00e1s u\u017e bol ve\u013emi hladn\u00fd. A\u00a0tak, ke\u010f sme v\u0161etci \u00faspe\u0161ne vyst\u00fapili na Petrovku, ohe\u0148 u\u017e bol pripraven\u00fd na n\u00e1val v\u0161elijak\u00fdch&#8230;<\/p>\n<p style=\"text-align: justify;\">\n<p style=\"text-align: justify;\"><a class=\"aligncenter\" title=\"Petrovka\" href=\"http:\/\/www.cykloklubpodbiel.sk\/?page_id=2177\" target=\"_blank\">&#8230;cel\u00fd \u010dl\u00e1nok <\/a><\/p>\n<\/div>\n","protected":false},"excerpt":{"rendered":"<p>D\u0148a 17.apr\u00edla 2011 sme sa v\u00a0hojnom po\u010dte z\u00fa\u010dastnili v\u00fdstupu na Petrovku. Kr\u00e1sne slne\u010dn\u00e9 r\u00e1no nasved\u010dovalo tomu, \u017ee dne\u0161n\u00fd de\u0148 bude vydaren\u00fd. V\u00fdstup\u00a0 na\u00a0 vrchol\u00a0 u\u017e ka\u017ed\u00fd z\u00a0n\u00e1s d\u00f4verne pozn\u00e1, preto si ka\u017ed\u00fd rozlo\u017e\u00ed sily, aby to \u00faspe\u0161ne zvl\u00e1dol. S\u00a0kr\u00e1tkymi prest\u00e1vkami na ob\u010derstvenie a\u00a0vyd\u00fdchanie sme sa bl\u00ed\u017eili k\u00a0vrcholu. Pa\u013eo Koz\u00e1\u010dik s\u00a0Jo\u017eom Kanderkom sa rozhodli, \u017ee si [&hellip;]<\/p>\n","protected":false},"author":1,"featured_media":0,"comment_status":"open","ping_status":"open","sticky":false,"template":"","format":"standard","meta":{"advgb_blocks_editor_width":"","advgb_blocks_columns_visual_guide":"","ngg_post_thumbnail":0},"categories":[1],"tags":[],"author_meta":{"display_name":"\u013dubom\u00edr Franko","author_link":"https:\/\/www.cykloklubpodbiel.sk\/?author=1"},"featured_img":null,"coauthors":[],"tax_additional":{"categories":{"linked":["<a href=\"https:\/\/www.cykloklubpodbiel.sk\/?cat=1\" class=\"advgb-post-tax-term\">Arch\u00edv<\/a>"],"unlinked":["<span class=\"advgb-post-tax-term\">Arch\u00edv<\/span>"]}},"comment_count":"0","relative_dates":{"created":"Posted 15 years ago","modified":"Updated 15 years ago"},"absolute_dates":{"created":"Posted on 20. Apr\u00edl 2011","modified":"Updated on 4. J\u00fan 2011"},"absolute_dates_time":{"created":"Posted on 20. Apr\u00edl 2011 17:08","modified":"Updated on 4. J\u00fan 2011 15:53"},"featured_img_caption":"","series_order":"","_links":{"self":[{"href":"https:\/\/www.cykloklubpodbiel.sk\/index.php?rest_route=\/wp\/v2\/posts\/2173"}],"collection":[{"href":"https:\/\/www.cykloklubpodbiel.sk\/index.php?rest_route=\/wp\/v2\/posts"}],"about":[{"href":"https:\/\/www.cykloklubpodbiel.sk\/index.php?rest_route=\/wp\/v2\/types\/post"}],"author":[{"embeddable":true,"href":"https:\/\/www.cykloklubpodbiel.sk\/index.php?rest_route=\/wp\/v2\/users\/1"}],"replies":[{"embeddable":true,"href":"https:\/\/www.cykloklubpodbiel.sk\/index.php?rest_route=%2Fwp%2Fv2%2Fcomments&post=2173"}],"version-history":[{"count":12,"href":"https:\/\/www.cykloklubpodbiel.sk\/index.php?rest_route=\/wp\/v2\/posts\/2173\/revisions"}],"predecessor-version":[{"id":2267,"href":"https:\/\/www.cykloklubpodbiel.sk\/index.php?rest_route=\/wp\/v2\/posts\/2173\/revisions\/2267"}],"wp:attachment":[{"href":"https:\/\/www.cykloklubpodbiel.sk\/index.php?rest_route=%2Fwp%2Fv2%2Fmedia&parent=2173"}],"wp:term":[{"taxonomy":"category","embeddable":true,"href":"https:\/\/www.cykloklubpodbiel.sk\/index.php?rest_route=%2Fwp%2Fv2%2Fcategories&post=2173"},{"taxonomy":"post_tag","embeddable":true,"href":"https:\/\/www.cykloklubpodbiel.sk\/index.php?rest_route=%2Fwp%2Fv2%2Ftags&post=2173"}],"curies":[{"name":"wp","href":"https:\/\/api.w.org\/{rel}","templated":true}]}}