{"id":2122,"date":"2011-04-13T18:25:27","date_gmt":"2011-04-13T17:25:27","guid":{"rendered":"http:\/\/www.cykloklubpodbiel.sk\/?p=2122"},"modified":"2011-04-22T18:33:30","modified_gmt":"2011-04-22T17:33:30","slug":"vystup-na-ostrazicu","status":"publish","type":"post","link":"https:\/\/www.cykloklubpodbiel.sk\/?p=2122","title":{"rendered":"v\u00fdstup na Ostra\u017eicu"},"content":{"rendered":"<div class=\"mceTemp\">\n<div class=\"mceTemp\"><span style=\"font-size: x-small;\"> <\/span><\/div>\n<div id=\"attachment_199\" style=\"width: 309px\" class=\"wp-caption alignleft\"><a href=\"http:\/\/www.cykloklubpodbiel.sk\/wp-content\/uploads\/2011\/04\/ostrazica.jpg\"><strong><img aria-describedby=\"caption-attachment-199\" loading=\"lazy\" class=\"size-medium wp-image-199\" title=\"Posedenie v pr\u00edrode po zostupe z Ostra\u017eice\" src=\"http:\/\/www.cykloklubpodbiel.sk\/wp-content\/uploads\/2011\/04\/t_ostrazica.jpg\" alt=\"Ostra\u017eica\" width=\"299\" height=\"199\" \/><\/strong><\/a><p id=\"caption-attachment-199\" class=\"wp-caption-text\">Posedenie v pr\u00edrode po zostupe z Ostra\u017eice<\/p><\/div>\n<p style=\"text-align: justify;\"><strong>P<\/strong><span style=\"color: #000000;\">o otvoren\u00ed turistickej sez\u00f3ny turistickou akciou &#8220;L\u00e1tan\u00e1&#8221; sa podbielansk\u00ed \u00a0turisti d\u0148a <\/span> <strong><span style=\"color: #ff0000;\">10.apr\u00edla 2011<\/span><\/strong> <span style=\"color: #000000;\">sch\u00e1dzaj\u00fa \u00a0pred Obecn\u00fdm \u00daradom v Podbieli. Zhliadnutie partie, ktor\u00e1 tam st\u00e1la, predznamen\u00e1valo, \u017ee bude veselo. Cie\u013e turistiky bol\u00a0 jasn\u00fd, prejs\u0165 \u010das\u0165 turistickej trasy \u00a0Ostra\u017eica &#8211; \u010cerven\u00e1 skala.<\/span><\/p>\n<p style=\"text-align: justify;\"><span style=\"color: #000000;\"> <\/span><span style=\"color: #000000;\">Aj ke\u010f sa zvykne hovori\u0165, \u017ee nechv\u00e1\u013e d\u0148a pred ve\u010derom &#8211; slne\u010dn\u00e9 r\u00e1no n\u00e1m prialo a vyhliadky na po\u010dasie boli optimistick\u00e9. Prechod, ale i samotn\u00e1 t\u00fara bola nen\u00e1ro\u010dn\u00e1. Jeden\u00e1s\u0165 kilometrov\u00fa t\u00faru sme od\u0161tartovali pomalou ch\u00f4dzou za \u00fa\u010dasti vy\u0161e tridsiatich turistov a pres\u00favali sme sa&#8230;<br \/>\n<\/span><\/p>\n<p style=\"text-align: justify;\"><a class=\"aligncenter\" title=\"Z\u00e1kamensk\u00e1 gr\u00fa\u0148om\" href=\"http:\/\/www.cykloklubpodbiel.sk\/?page_id=2130\" target=\"_blank\">&#8230;cel\u00fd \u010dl\u00e1nok <\/a><\/p>\n<\/div>\n","protected":false},"excerpt":{"rendered":"<p>Po otvoren\u00ed turistickej sez\u00f3ny turistickou akciou &#8220;L\u00e1tan\u00e1&#8221; sa podbielansk\u00ed \u00a0turisti d\u0148a 10.apr\u00edla 2011 sch\u00e1dzaj\u00fa \u00a0pred Obecn\u00fdm \u00daradom v Podbieli. Zhliadnutie partie, ktor\u00e1 tam st\u00e1la, predznamen\u00e1valo, \u017ee bude veselo. Cie\u013e turistiky bol\u00a0 jasn\u00fd, prejs\u0165 \u010das\u0165 turistickej trasy \u00a0Ostra\u017eica &#8211; \u010cerven\u00e1 skala. Aj ke\u010f sa zvykne hovori\u0165, \u017ee nechv\u00e1\u013e d\u0148a pred ve\u010derom &#8211; slne\u010dn\u00e9 r\u00e1no n\u00e1m prialo [&hellip;]<\/p>\n","protected":false},"author":1,"featured_media":0,"comment_status":"open","ping_status":"open","sticky":false,"template":"","format":"standard","meta":{"advgb_blocks_editor_width":"","advgb_blocks_columns_visual_guide":"","ngg_post_thumbnail":0},"categories":[1],"tags":[],"author_meta":{"display_name":"\u013dubom\u00edr Franko","author_link":"https:\/\/www.cykloklubpodbiel.sk\/?author=1"},"featured_img":null,"coauthors":[],"tax_additional":{"categories":{"linked":["<a href=\"https:\/\/www.cykloklubpodbiel.sk\/?cat=1\" class=\"advgb-post-tax-term\">Arch\u00edv<\/a>"],"unlinked":["<span class=\"advgb-post-tax-term\">Arch\u00edv<\/span>"]}},"comment_count":"0","relative_dates":{"created":"Posted 15 years ago","modified":"Updated 15 years ago"},"absolute_dates":{"created":"Posted on 13. Apr\u00edl 2011","modified":"Updated on 22. Apr\u00edl 2011"},"absolute_dates_time":{"created":"Posted on 13. Apr\u00edl 2011 18:25","modified":"Updated on 22. Apr\u00edl 2011 18:33"},"featured_img_caption":"","series_order":"","_links":{"self":[{"href":"https:\/\/www.cykloklubpodbiel.sk\/index.php?rest_route=\/wp\/v2\/posts\/2122"}],"collection":[{"href":"https:\/\/www.cykloklubpodbiel.sk\/index.php?rest_route=\/wp\/v2\/posts"}],"about":[{"href":"https:\/\/www.cykloklubpodbiel.sk\/index.php?rest_route=\/wp\/v2\/types\/post"}],"author":[{"embeddable":true,"href":"https:\/\/www.cykloklubpodbiel.sk\/index.php?rest_route=\/wp\/v2\/users\/1"}],"replies":[{"embeddable":true,"href":"https:\/\/www.cykloklubpodbiel.sk\/index.php?rest_route=%2Fwp%2Fv2%2Fcomments&post=2122"}],"version-history":[{"count":13,"href":"https:\/\/www.cykloklubpodbiel.sk\/index.php?rest_route=\/wp\/v2\/posts\/2122\/revisions"}],"predecessor-version":[{"id":2163,"href":"https:\/\/www.cykloklubpodbiel.sk\/index.php?rest_route=\/wp\/v2\/posts\/2122\/revisions\/2163"}],"wp:attachment":[{"href":"https:\/\/www.cykloklubpodbiel.sk\/index.php?rest_route=%2Fwp%2Fv2%2Fmedia&parent=2122"}],"wp:term":[{"taxonomy":"category","embeddable":true,"href":"https:\/\/www.cykloklubpodbiel.sk\/index.php?rest_route=%2Fwp%2Fv2%2Fcategories&post=2122"},{"taxonomy":"post_tag","embeddable":true,"href":"https:\/\/www.cykloklubpodbiel.sk\/index.php?rest_route=%2Fwp%2Fv2%2Ftags&post=2122"}],"curies":[{"name":"wp","href":"https:\/\/api.w.org\/{rel}","templated":true}]}}