{"id":2117,"date":"2011-04-05T11:20:20","date_gmt":"2011-04-05T10:20:20","guid":{"rendered":"http:\/\/www.cykloklubpodbiel.sk\/?p=2117"},"modified":"2011-08-14T20:11:38","modified_gmt":"2011-08-14T19:11:38","slug":"chata-latana-rozlucka-so-snehom","status":"publish","type":"post","link":"https:\/\/www.cykloklubpodbiel.sk\/?p=2117","title":{"rendered":"chata L\u00e1tan\u00e1 (rozl\u00fa\u010dka so snehom)"},"content":{"rendered":"<div class=\"mceTemp\">\n<div class=\"mceTemp\"><span style=\"font-size: x-small;\"> <\/span><\/div>\n<div id=\"attachment_199\" style=\"width: 310px\" class=\"wp-caption alignleft\"><a href=\"http:\/\/www.cykloklubpodbiel.sk\/wp-content\/uploads\/2011\/04\/chatalatana1.jpg\"><strong><img aria-describedby=\"caption-attachment-199\" loading=\"lazy\" class=\"size-medium wp-image-200\" title=\"D\u00e1vid a \u013dubo pri chate L\u00e1tan\u00e1\" src=\"http:\/\/www.cykloklubpodbiel.sk\/wp-content\/uploads\/2011\/04\/t_chatalatana1.jpg\" alt=\"chata L\u00e1tan\u00e1\" width=\"300\" height=\"200\" \/><\/strong><\/a><p id=\"caption-attachment-199\" class=\"wp-caption-text\">D\u00e1vid a \u013dubo pri chate L\u00e1tan\u00e1<\/p><\/div>\n<p style=\"text-align: justify;\"><span style=\"color: #000000;\"><span style=\"color: #000000;\"><span style=\"color: #000000;\"><strong>V <\/strong>naozaj vydaren\u00fa, slnie\u010dkom vyhriatu prvoapr\u00edlov\u00fa sobotu<\/span> <span style=\"color: #ff0000;\"><strong>2.apr\u00edla 2011<\/strong><\/span> sme sa my podbielansk\u00ed turisti spolu s ni\u017eniansk\u00fdmi turistami stretli na chate &#8220;L\u00e1tan\u00e1&#8221;, ktor\u00e1 sa nach\u00e1dza pod L\u00fa\u010dnou. T\u00e1to akcia niesla n\u00e1zov &#8220;Rozl\u00fa\u010dka so snehom&#8221;. Stretli sme sa tam asi 70-ti turisti &#8211; milovn\u00edci pr\u00edrody. Z toho bolo asi 20 podbielansk\u00fdch turistov. Na tejto kr\u00e1snej nen\u00e1ro\u010dnej trase bola kompletn\u00e1 rodinka Juraja Mat\u00facha, ktor\u00e1 sa ani z men\u0161\u00edmi ratoles\u0165ami nelenili \u00eds\u0165 do pr\u00edrody<\/span><\/span><span style=\"color: #000000;\"><span style=\"color: #000000;\"> <\/span>. \u010clenovia, ktor\u00ed pri\u0161li sk\u00f4r vy\u0161li na L\u00fa\u010dnu, kde si zaspievali, ob\u010derstvili sa a pokochali kr\u00e1snym v\u00fdh\u013eadom, ktor\u00fd n\u00e1m tento de\u0148&#8230;<br \/>\n<\/span><\/p>\n<p style=\"text-align: justify;\"><a class=\"aligncenter\" title=\"Erd\u00fatky Oravsk\u00e1 Lesn\u00e1\" href=\"http:\/\/www.cykloklubpodbiel.sk\/?page_id=2120\" target=\"_blank\">&#8230;cel\u00fd \u010dl\u00e1nok <\/a><\/p>\n<\/div>\n","protected":false},"excerpt":{"rendered":"<p>V naozaj vydaren\u00fa, slnie\u010dkom vyhriatu prvoapr\u00edlov\u00fa sobotu 2.apr\u00edla 2011 sme sa my podbielansk\u00ed turisti spolu s ni\u017eniansk\u00fdmi turistami stretli na chate &#8220;L\u00e1tan\u00e1&#8221;, ktor\u00e1 sa nach\u00e1dza pod L\u00fa\u010dnou. T\u00e1to akcia niesla n\u00e1zov &#8220;Rozl\u00fa\u010dka so snehom&#8221;. Stretli sme sa tam asi 70-ti turisti &#8211; milovn\u00edci pr\u00edrody. Z toho bolo asi 20 podbielansk\u00fdch turistov. Na tejto kr\u00e1snej nen\u00e1ro\u010dnej [&hellip;]<\/p>\n","protected":false},"author":1,"featured_media":0,"comment_status":"open","ping_status":"open","sticky":false,"template":"","format":"standard","meta":{"advgb_blocks_editor_width":"","advgb_blocks_columns_visual_guide":"","ngg_post_thumbnail":0},"categories":[1],"tags":[],"author_meta":{"display_name":"\u013dubom\u00edr Franko","author_link":"https:\/\/www.cykloklubpodbiel.sk\/?author=1"},"featured_img":null,"coauthors":[],"tax_additional":{"categories":{"linked":["<a href=\"https:\/\/www.cykloklubpodbiel.sk\/?cat=1\" class=\"advgb-post-tax-term\">Arch\u00edv<\/a>"],"unlinked":["<span class=\"advgb-post-tax-term\">Arch\u00edv<\/span>"]}},"comment_count":"0","relative_dates":{"created":"Posted 15 years ago","modified":"Updated 15 years ago"},"absolute_dates":{"created":"Posted on 5. Apr\u00edl 2011","modified":"Updated on 14. August 2011"},"absolute_dates_time":{"created":"Posted on 5. Apr\u00edl 2011 11:20","modified":"Updated on 14. August 2011 20:11"},"featured_img_caption":"","series_order":"","_links":{"self":[{"href":"https:\/\/www.cykloklubpodbiel.sk\/index.php?rest_route=\/wp\/v2\/posts\/2117"}],"collection":[{"href":"https:\/\/www.cykloklubpodbiel.sk\/index.php?rest_route=\/wp\/v2\/posts"}],"about":[{"href":"https:\/\/www.cykloklubpodbiel.sk\/index.php?rest_route=\/wp\/v2\/types\/post"}],"author":[{"embeddable":true,"href":"https:\/\/www.cykloklubpodbiel.sk\/index.php?rest_route=\/wp\/v2\/users\/1"}],"replies":[{"embeddable":true,"href":"https:\/\/www.cykloklubpodbiel.sk\/index.php?rest_route=%2Fwp%2Fv2%2Fcomments&post=2117"}],"version-history":[{"count":11,"href":"https:\/\/www.cykloklubpodbiel.sk\/index.php?rest_route=\/wp\/v2\/posts\/2117\/revisions"}],"predecessor-version":[{"id":2411,"href":"https:\/\/www.cykloklubpodbiel.sk\/index.php?rest_route=\/wp\/v2\/posts\/2117\/revisions\/2411"}],"wp:attachment":[{"href":"https:\/\/www.cykloklubpodbiel.sk\/index.php?rest_route=%2Fwp%2Fv2%2Fmedia&parent=2117"}],"wp:term":[{"taxonomy":"category","embeddable":true,"href":"https:\/\/www.cykloklubpodbiel.sk\/index.php?rest_route=%2Fwp%2Fv2%2Fcategories&post=2117"},{"taxonomy":"post_tag","embeddable":true,"href":"https:\/\/www.cykloklubpodbiel.sk\/index.php?rest_route=%2Fwp%2Fv2%2Ftags&post=2117"}],"curies":[{"name":"wp","href":"https:\/\/api.w.org\/{rel}","templated":true}]}}