{"id":2076,"date":"2011-03-16T18:31:15","date_gmt":"2011-03-16T17:31:15","guid":{"rendered":"http:\/\/www.cykloklubpodbiel.sk\/?p=2076"},"modified":"2011-04-11T18:43:13","modified_gmt":"2011-04-11T17:43:13","slug":"erdutky-oravska-lesna","status":"publish","type":"post","link":"https:\/\/www.cykloklubpodbiel.sk\/?p=2076","title":{"rendered":"prechod Erd\u00fatky Oravsk\u00e1 Lesn\u00e1"},"content":{"rendered":"<div class=\"mceTemp\">\n<div class=\"mceTemp\"><span style=\"font-size: x-small;\"> <\/span><\/div>\n<div id=\"attachment_200\" style=\"width: 310px\" class=\"wp-caption alignleft\"><a href=\"http:\/\/www.cykloklubpodbiel.sk\/wp-content\/uploads\/2011\/03\/oravskalesna.jpg\"><strong><img aria-describedby=\"caption-attachment-200\" loading=\"lazy\" class=\"size-medium wp-image-200\" title=\"Tra\u0165 viedla popri legend\u00e1rnej oravskej historickej \u017eelezni\u010dke\" src=\"http:\/\/www.cykloklubpodbiel.sk\/wp-content\/uploads\/2011\/03\/t_oravskalesna.jpg\" alt=\"Lomniansk\u00fdm chot\u00e1rom\" width=\"300\" height=\"200\" \/><\/strong><\/a><p id=\"caption-attachment-200\" class=\"wp-caption-text\">Tra\u0165 viedla popri legend\u00e1rnej oravskej historickej \u017eelezni\u010dke<\/p><\/div>\n<p style=\"text-align: justify;\"><span style=\"color: #000000;\"><span style=\"color: #000000;\"><strong>B<\/strong>ola sobota <strong><span style=\"color: #ff0000;\">12.marca 2011<\/span><\/strong><\/span><\/span><span style=\"color: #000000;\"> <span style=\"color: #000000;\">r\u00e1no a my sme mali pred sebou posledn\u00fd zimn\u00fd prechod na be\u017ek\u00e1ch. Pre viacer\u00fdch to bola aj rozl\u00fa\u010dka so snehom. St\u00e1lo pred nami len v\u00e1hanie, \u010di na na\u0161u zimn\u00fa z\u00e1\u013eubu bude dos\u0165 snehu. Nako\u013eko sme sa nemohli spoji\u0165 s kamar\u00e1tom z Oravskej Lesnej, \u010di je dos\u0165 snehu, tak sme sa len \u0161tyria \u010dlenovia  odhodlali tejto akcie z\u00fa\u010dastni\u0165. Po\u010dasie r\u00e1no sa javilo kr\u00e1sne, aj ke\u010f bol mal\u00fd mr\u00e1zik. Cel\u00e1 cesta a\u017e do Oravskej Lesnej bola bez n\u00e1znaku nejak\u00e9ho snehu. Po pr\u00edchode do Oravskej Lesnej sa n\u00e1m n\u00e1lada za\u010dala meni\u0165 s n\u00e1znakmi k\u00f4p snehu po dvoroch. \u010c\u00edm sme sa bl\u00ed\u017eili&#8230;<\/span><br \/>\n<\/span><\/p>\n<p style=\"text-align: justify;\"><a class=\"aligncenter\" title=\"Erd\u00fatky Oravsk\u00e1 Lesn\u00e1\" href=\"http:\/\/www.cykloklubpodbiel.sk\/?page_id=2080\" target=\"_blank\">&#8230;cel\u00fd \u010dl\u00e1nok <\/a><\/p>\n<\/div>\n","protected":false},"excerpt":{"rendered":"<p>Bola sobota 12.marca 2011 r\u00e1no a my sme mali pred sebou posledn\u00fd zimn\u00fd prechod na be\u017ek\u00e1ch. Pre viacer\u00fdch to bola aj rozl\u00fa\u010dka so snehom. St\u00e1lo pred nami len v\u00e1hanie, \u010di na na\u0161u zimn\u00fa z\u00e1\u013eubu bude dos\u0165 snehu. Nako\u013eko sme sa nemohli spoji\u0165 s kamar\u00e1tom z Oravskej Lesnej, \u010di je dos\u0165 snehu, tak sme sa len [&hellip;]<\/p>\n","protected":false},"author":1,"featured_media":0,"comment_status":"open","ping_status":"open","sticky":false,"template":"","format":"standard","meta":{"advgb_blocks_editor_width":"","advgb_blocks_columns_visual_guide":"","ngg_post_thumbnail":0},"categories":[1],"tags":[],"author_meta":{"display_name":"\u013dubom\u00edr Franko","author_link":"https:\/\/www.cykloklubpodbiel.sk\/?author=1"},"featured_img":null,"coauthors":[],"tax_additional":{"categories":{"linked":["<a href=\"https:\/\/www.cykloklubpodbiel.sk\/?cat=1\" class=\"advgb-post-tax-term\">Arch\u00edv<\/a>"],"unlinked":["<span class=\"advgb-post-tax-term\">Arch\u00edv<\/span>"]}},"comment_count":"0","relative_dates":{"created":"Posted 15 years ago","modified":"Updated 15 years ago"},"absolute_dates":{"created":"Posted on 16. Marec 2011","modified":"Updated on 11. Apr\u00edl 2011"},"absolute_dates_time":{"created":"Posted on 16. Marec 2011 18:31","modified":"Updated on 11. Apr\u00edl 2011 18:43"},"featured_img_caption":"","series_order":"","_links":{"self":[{"href":"https:\/\/www.cykloklubpodbiel.sk\/index.php?rest_route=\/wp\/v2\/posts\/2076"}],"collection":[{"href":"https:\/\/www.cykloklubpodbiel.sk\/index.php?rest_route=\/wp\/v2\/posts"}],"about":[{"href":"https:\/\/www.cykloklubpodbiel.sk\/index.php?rest_route=\/wp\/v2\/types\/post"}],"author":[{"embeddable":true,"href":"https:\/\/www.cykloklubpodbiel.sk\/index.php?rest_route=\/wp\/v2\/users\/1"}],"replies":[{"embeddable":true,"href":"https:\/\/www.cykloklubpodbiel.sk\/index.php?rest_route=%2Fwp%2Fv2%2Fcomments&post=2076"}],"version-history":[{"count":10,"href":"https:\/\/www.cykloklubpodbiel.sk\/index.php?rest_route=\/wp\/v2\/posts\/2076\/revisions"}],"predecessor-version":[{"id":2109,"href":"https:\/\/www.cykloklubpodbiel.sk\/index.php?rest_route=\/wp\/v2\/posts\/2076\/revisions\/2109"}],"wp:attachment":[{"href":"https:\/\/www.cykloklubpodbiel.sk\/index.php?rest_route=%2Fwp%2Fv2%2Fmedia&parent=2076"}],"wp:term":[{"taxonomy":"category","embeddable":true,"href":"https:\/\/www.cykloklubpodbiel.sk\/index.php?rest_route=%2Fwp%2Fv2%2Fcategories&post=2076"},{"taxonomy":"post_tag","embeddable":true,"href":"https:\/\/www.cykloklubpodbiel.sk\/index.php?rest_route=%2Fwp%2Fv2%2Ftags&post=2076"}],"curies":[{"name":"wp","href":"https:\/\/api.w.org\/{rel}","templated":true}]}}