{"id":1933,"date":"2011-02-22T09:00:38","date_gmt":"2011-02-22T08:00:38","guid":{"rendered":"http:\/\/www.cykloklubpodbiel.sk\/?p=1933"},"modified":"2011-02-25T11:00:22","modified_gmt":"2011-02-25T10:00:22","slug":"vystup-na-polianky","status":"publish","type":"post","link":"https:\/\/www.cykloklubpodbiel.sk\/?p=1933","title":{"rendered":"v\u00fdstup na Polianky"},"content":{"rendered":"<div class=\"mceTemp\">\n<div class=\"mceTemp\"><span style=\"font-size: x-small;\"> <\/span><\/div>\n<div id=\"attachment_199\" style=\"width: 309px\" class=\"wp-caption alignleft\"><a href=\"http:\/\/www.cykloklubpodbiel.sk\/wp-content\/uploads\/2011\/02\/prechodpolianky.jpg\"><strong><img aria-describedby=\"caption-attachment-199\" loading=\"lazy\" class=\"size-medium wp-image-199\" title=\"Spolo\u010dn\u00e9 foto po\u010das zostupu z Polianok\" src=\"http:\/\/www.cykloklubpodbiel.sk\/wp-content\/uploads\/2011\/02\/t_prechodpolianky.jpg\" alt=\"Polianky\" width=\"299\" height=\"199\" \/><\/strong><\/a><p id=\"caption-attachment-199\" class=\"wp-caption-text\">Spolo\u010dn\u00e9 foto po\u010das zostupu z Polianok<\/p><\/div>\n<p style=\"text-align: justify;\"><span style=\"color: #000000;\">Tak ako po in\u00e9 roky sa na Polianky i\u0161lo na be\u017ek\u00e1ch, tento rok pre nedostatok snehu bola akcia napl\u00e1novan\u00e1 pe\u0161o. Vyrazili sme v\u00a0nede\u013eu<\/span> <span style=\"color: #ff0000;\"><strong>20. febru\u00e1ra 2011<\/strong><\/span> <span style=\"color: #000000;\">o\u00a013:00 za dos\u0165 zl\u00e9ho vetern\u00e9ho po\u010dasia. \u00da\u010das\u0165 bola mal\u00e1 preto\u017ee ve\u013ea cykloturistov dosp\u00e1valo po sobotnom <em>podbielanskom plese<\/em>. Do kopca sme kr\u00e1\u010dali rezk\u00fdm krokom a\u00a0za hodinu sme dorazili na ur\u010den\u00e9 miesto pri olt\u00e1riku na <em>Poliankach<\/em>. \u013dubo s\u00a0Du\u0161anom vytiahli z\u00a0batohov drevo a\u00a0rozlo\u017eili ohe\u0148, ktor\u00fd n\u00e1s rozohrial pr\u00edjemnou n\u00e1ladou. Ostatn\u00ed si pochutnali na opekan\u00fdch \u017eemliach a\u00a0klob\u00e1sach. Aj pri malom&#8230;<br \/>\n<\/span><\/p>\n<p style=\"text-align: justify;\"><a class=\"aligncenter\" title=\"Z\u00e1kamensk\u00e1 gr\u00fa\u0148om\" href=\"http:\/\/www.cykloklubpodbiel.sk\/?page_id=1228\" target=\"_blank\">&#8230;cel\u00fd \u010dl\u00e1nok <\/a><\/p>\n<\/div>\n","protected":false},"excerpt":{"rendered":"<p>Tak ako po in\u00e9 roky sa na Polianky i\u0161lo na be\u017ek\u00e1ch, tento rok pre nedostatok snehu bola akcia napl\u00e1novan\u00e1 pe\u0161o. Vyrazili sme v\u00a0nede\u013eu 20. febru\u00e1ra 2011 o\u00a013:00 za dos\u0165 zl\u00e9ho vetern\u00e9ho po\u010dasia. \u00da\u010das\u0165 bola mal\u00e1 preto\u017ee ve\u013ea cykloturistov dosp\u00e1valo po sobotnom podbielanskom plese. Do kopca sme kr\u00e1\u010dali rezk\u00fdm krokom a\u00a0za hodinu sme dorazili na ur\u010den\u00e9 [&hellip;]<\/p>\n","protected":false},"author":1,"featured_media":0,"comment_status":"open","ping_status":"open","sticky":false,"template":"","format":"standard","meta":{"advgb_blocks_editor_width":"","advgb_blocks_columns_visual_guide":"","ngg_post_thumbnail":0},"categories":[1],"tags":[],"author_meta":{"display_name":"\u013dubom\u00edr Franko","author_link":"https:\/\/www.cykloklubpodbiel.sk\/?author=1"},"featured_img":null,"coauthors":[],"tax_additional":{"categories":{"linked":["<a href=\"https:\/\/www.cykloklubpodbiel.sk\/?cat=1\" class=\"advgb-post-tax-term\">Arch\u00edv<\/a>"],"unlinked":["<span class=\"advgb-post-tax-term\">Arch\u00edv<\/span>"]}},"comment_count":"0","relative_dates":{"created":"Posted 15 years ago","modified":"Updated 15 years ago"},"absolute_dates":{"created":"Posted on 22. Febru\u00e1r 2011","modified":"Updated on 25. Febru\u00e1r 2011"},"absolute_dates_time":{"created":"Posted on 22. Febru\u00e1r 2011 9:00","modified":"Updated on 25. Febru\u00e1r 2011 11:00"},"featured_img_caption":"","series_order":"","_links":{"self":[{"href":"https:\/\/www.cykloklubpodbiel.sk\/index.php?rest_route=\/wp\/v2\/posts\/1933"}],"collection":[{"href":"https:\/\/www.cykloklubpodbiel.sk\/index.php?rest_route=\/wp\/v2\/posts"}],"about":[{"href":"https:\/\/www.cykloklubpodbiel.sk\/index.php?rest_route=\/wp\/v2\/types\/post"}],"author":[{"embeddable":true,"href":"https:\/\/www.cykloklubpodbiel.sk\/index.php?rest_route=\/wp\/v2\/users\/1"}],"replies":[{"embeddable":true,"href":"https:\/\/www.cykloklubpodbiel.sk\/index.php?rest_route=%2Fwp%2Fv2%2Fcomments&post=1933"}],"version-history":[{"count":8,"href":"https:\/\/www.cykloklubpodbiel.sk\/index.php?rest_route=\/wp\/v2\/posts\/1933\/revisions"}],"predecessor-version":[{"id":1998,"href":"https:\/\/www.cykloklubpodbiel.sk\/index.php?rest_route=\/wp\/v2\/posts\/1933\/revisions\/1998"}],"wp:attachment":[{"href":"https:\/\/www.cykloklubpodbiel.sk\/index.php?rest_route=%2Fwp%2Fv2%2Fmedia&parent=1933"}],"wp:term":[{"taxonomy":"category","embeddable":true,"href":"https:\/\/www.cykloklubpodbiel.sk\/index.php?rest_route=%2Fwp%2Fv2%2Fcategories&post=1933"},{"taxonomy":"post_tag","embeddable":true,"href":"https:\/\/www.cykloklubpodbiel.sk\/index.php?rest_route=%2Fwp%2Fv2%2Ftags&post=1933"}],"curies":[{"name":"wp","href":"https:\/\/api.w.org\/{rel}","templated":true}]}}