{"id":1907,"date":"2011-02-21T15:44:58","date_gmt":"2011-02-21T14:44:58","guid":{"rendered":"http:\/\/www.cykloklubpodbiel.sk\/?p=1907"},"modified":"2011-02-21T19:45:37","modified_gmt":"2011-02-21T18:45:37","slug":"zakamenskym-grunom","status":"publish","type":"post","link":"https:\/\/www.cykloklubpodbiel.sk\/?p=1907","title":{"rendered":"Z\u00e1kamensk\u00fdm gr\u00fa\u0148om"},"content":{"rendered":"<div class=\"mceTemp\">\n<div class=\"mceTemp\"><span style=\"font-size: x-small;\"> <\/span><\/div>\n<div id=\"attachment_199\" style=\"width: 309px\" class=\"wp-caption alignleft\"><a href=\"http:\/\/www.cykloklubpodbiel.sk\/wp-content\/uploads\/2011\/02\/prechodzakamene.jpg\"><strong><img aria-describedby=\"caption-attachment-199\" loading=\"lazy\" class=\"size-medium wp-image-199\" title=\"Sedem stato\u010dn\u00fdch na prechode v Z\u00e1kamenom\" src=\"http:\/\/www.cykloklubpodbiel.sk\/wp-content\/uploads\/2011\/02\/t_prechodzakamene.jpg\" alt=\"Z\u00e1kamensk\u00fdm gr\u00fa\u0148om\" width=\"299\" height=\"199\" \/><\/strong><\/a><p id=\"caption-attachment-199\" class=\"wp-caption-text\">Sedem stato\u010dn\u00fdch na prechode v Z\u00e1kamenom<\/p><\/div>\n<p><strong><span style=\"color: #000000;\">D<\/span><\/strong><span style=\"color: #000000;\">\u0148a<\/span><span style=\"color: #000000;\"> <span style=\"color: #ff0000;\"><strong>19<\/strong><\/span><span style=\"color: #ff0000;\"><strong>.febru\u00e1ra 2011<\/strong><\/span> sme sa z\u00fa\u010dastnili v Z\u00e1kamenom 5. ro\u010dn\u00edka ly\u017eiarskeho prechodu Z\u00e1kamensk\u00fdm gr\u00fa\u0148om. Z Podbiela sme vyrazili o 8.00 hod na dvoch osobn\u00fdch aut\u00e1ch, v ktor\u00fdch bolo pripraven\u00fdch sedem \u010dlenov Cykloturistick\u00e9ho klubu absolvova\u0165 23 km okruh. U\u017e ako sme nasadali do \u00e1ut, sme mali obavu, \u010di bude dos\u0165 snehu, aby sme cel\u00fa trasu absolvovali na be\u017ek\u00e1ch. Po pr\u00edchode do Z\u00e1kamenn\u00e9ho sme sa i\u0161li zaregistrova\u0165. Pri vstupe do s\u00e1ly n\u00e1s v\u00edtala partia lesn\u00edkov, ktor\u00ed boli hlavn\u00fdmi organiz\u00e1tormi cel\u00e9ho dne\u0161n\u00e9ho&#8230;<br \/>\n<\/span><\/p>\n<p style=\"text-align: justify;\"><a class=\"aligncenter\" title=\"Z\u00e1kamensk\u00e1 gr\u00fa\u0148om\" href=\"http:\/\/www.cykloklubpodbiel.sk\/?page_id=1912\" target=\"_blank\">&#8230;cel\u00fd \u010dl\u00e1nok <\/a><\/p>\n<\/div>\n","protected":false},"excerpt":{"rendered":"<p>D\u0148a 19.febru\u00e1ra 2011 sme sa z\u00fa\u010dastnili v Z\u00e1kamenom 5. ro\u010dn\u00edka ly\u017eiarskeho prechodu Z\u00e1kamensk\u00fdm gr\u00fa\u0148om. Z Podbiela sme vyrazili o 8.00 hod na dvoch osobn\u00fdch aut\u00e1ch, v ktor\u00fdch bolo pripraven\u00fdch sedem \u010dlenov Cykloturistick\u00e9ho klubu absolvova\u0165 23 km okruh. U\u017e ako sme nasadali do \u00e1ut, sme mali obavu, \u010di bude dos\u0165 snehu, aby sme cel\u00fa trasu absolvovali [&hellip;]<\/p>\n","protected":false},"author":1,"featured_media":0,"comment_status":"open","ping_status":"open","sticky":false,"template":"","format":"standard","meta":{"advgb_blocks_editor_width":"","advgb_blocks_columns_visual_guide":"","ngg_post_thumbnail":0},"categories":[1],"tags":[],"author_meta":{"display_name":"\u013dubom\u00edr Franko","author_link":"https:\/\/www.cykloklubpodbiel.sk\/?author=1"},"featured_img":null,"coauthors":[],"tax_additional":{"categories":{"linked":["<a href=\"https:\/\/www.cykloklubpodbiel.sk\/?cat=1\" class=\"advgb-post-tax-term\">Arch\u00edv<\/a>"],"unlinked":["<span class=\"advgb-post-tax-term\">Arch\u00edv<\/span>"]}},"comment_count":"0","relative_dates":{"created":"Posted 15 years ago","modified":"Updated 15 years ago"},"absolute_dates":{"created":"Posted on 21. Febru\u00e1r 2011","modified":"Updated on 21. Febru\u00e1r 2011"},"absolute_dates_time":{"created":"Posted on 21. Febru\u00e1r 2011 15:44","modified":"Updated on 21. Febru\u00e1r 2011 19:45"},"featured_img_caption":"","series_order":"","_links":{"self":[{"href":"https:\/\/www.cykloklubpodbiel.sk\/index.php?rest_route=\/wp\/v2\/posts\/1907"}],"collection":[{"href":"https:\/\/www.cykloklubpodbiel.sk\/index.php?rest_route=\/wp\/v2\/posts"}],"about":[{"href":"https:\/\/www.cykloklubpodbiel.sk\/index.php?rest_route=\/wp\/v2\/types\/post"}],"author":[{"embeddable":true,"href":"https:\/\/www.cykloklubpodbiel.sk\/index.php?rest_route=\/wp\/v2\/users\/1"}],"replies":[{"embeddable":true,"href":"https:\/\/www.cykloklubpodbiel.sk\/index.php?rest_route=%2Fwp%2Fv2%2Fcomments&post=1907"}],"version-history":[{"count":9,"href":"https:\/\/www.cykloklubpodbiel.sk\/index.php?rest_route=\/wp\/v2\/posts\/1907\/revisions"}],"predecessor-version":[{"id":1967,"href":"https:\/\/www.cykloklubpodbiel.sk\/index.php?rest_route=\/wp\/v2\/posts\/1907\/revisions\/1967"}],"wp:attachment":[{"href":"https:\/\/www.cykloklubpodbiel.sk\/index.php?rest_route=%2Fwp%2Fv2%2Fmedia&parent=1907"}],"wp:term":[{"taxonomy":"category","embeddable":true,"href":"https:\/\/www.cykloklubpodbiel.sk\/index.php?rest_route=%2Fwp%2Fv2%2Fcategories&post=1907"},{"taxonomy":"post_tag","embeddable":true,"href":"https:\/\/www.cykloklubpodbiel.sk\/index.php?rest_route=%2Fwp%2Fv2%2Ftags&post=1907"}],"curies":[{"name":"wp","href":"https:\/\/api.w.org\/{rel}","templated":true}]}}