{"id":1575,"date":"2011-02-08T08:14:01","date_gmt":"2011-02-08T07:14:01","guid":{"rendered":"http:\/\/www.cykloklubpodbiel.sk\/?p=1575"},"modified":"2011-02-09T11:56:40","modified_gmt":"2011-02-09T10:56:40","slug":"skuska","status":"publish","type":"post","link":"https:\/\/www.cykloklubpodbiel.sk\/?p=1575","title":{"rendered":"prechod podbielanskou Magurou"},"content":{"rendered":"<div class=\"mceTemp\">\n<div class=\"mceTemp\"><span style=\"font-size: x-small;\"> <\/span><\/div>\n<div id=\"attachment_199\" style=\"width: 309px\" class=\"wp-caption alignleft\"><a href=\"http:\/\/www.cykloklubpodbiel.sk\/wp-content\/uploads\/2011\/02\/prechodmagura.jpg\"><strong><img aria-describedby=\"caption-attachment-199\" loading=\"lazy\" class=\"size-medium wp-image-199\" title=\"Pri prezent\u00e1cii \u00fa\u010dastn\u00edkov prechodu\" src=\"http:\/\/www.cykloklubpodbiel.sk\/wp-content\/uploads\/2011\/02\/t_prechodmagura.jpg\" alt=\"prechod Podbielanska Magura\" width=\"299\" height=\"199\" \/><\/strong><\/a><p id=\"caption-attachment-199\" class=\"wp-caption-text\">Pri prezent\u00e1cii \u00fa\u010dastn\u00edkov prechodu<\/p><\/div>\n<p style=\"text-align: justify;\"><strong>T<\/strong><span style=\"color: #000000;\">ak ako po in\u00e9 roky, tak aj v tomto roku prv\u00e1 febru\u00e1rov\u00e1 sobota<\/span> <strong><span style=\"color: #ff0000;\">5.febru\u00e1ra 2011 <\/span><\/strong>patrila u\u017e XXV. ro\u010dn\u00edku zimn\u00e9mu prechodu podbielanskou Magurou. Po\u010dasie neprialo be\u017ek\u00e1rom, ve\u010f v tomto roku e\u0161te ani poriadne snehu nebolo. No i napriek tomu sme mali jedn\u00e9ho smel\u00e9ho be\u017ek\u00e1ra Pe\u0165a, ktor\u00fd to nevzdal a na be\u017ek\u00e1ch pre\u0161iel takmer cel\u00fa tra\u0165. U\u017e zav\u010dasu r\u00e1no sa vydali za hudby z obecn\u00e9ho rozhlasu prv\u00ed \u00fa\u010dastn\u00edci prechodu, ktor\u00ed sa prezentovali na <em>Z\u00e1most\u00ed<\/em>. Tu Jano s \u013dubkou v\u00edtali \u00fa\u010dastn\u00edkov, de\u0165om rozd\u00e1vali sladk\u00fa odmenu. No a t\u00fdm star\u0161\u00edm nie\u010do na zohriatie, ke\u010f\u017ee bolo&#8230;<span style=\"color: #000000;\"> <\/span><span style=\"color: #000000;\"> <\/span><\/p>\n<p style=\"text-align: justify;\"><a class=\"aligncenter\" title=\"prechod podbielanskou magurou\" href=\"http:\/\/www.cykloklubpodbiel.sk\/?page_id=1773\" target=\"_blank\">&#8230;cel\u00fd \u010dl\u00e1nok <\/a><\/p>\n<\/div>\n","protected":false},"excerpt":{"rendered":"<p>Tak ako po in\u00e9 roky, tak aj v tomto roku prv\u00e1 febru\u00e1rov\u00e1 sobota 5.febru\u00e1ra 2011 patrila u\u017e XXV. ro\u010dn\u00edku zimn\u00e9mu prechodu podbielanskou Magurou. Po\u010dasie neprialo be\u017ek\u00e1rom, ve\u010f v tomto roku e\u0161te ani poriadne snehu nebolo. No i napriek tomu sme mali jedn\u00e9ho smel\u00e9ho be\u017ek\u00e1ra Pe\u0165a, ktor\u00fd to nevzdal a na be\u017ek\u00e1ch pre\u0161iel takmer cel\u00fa tra\u0165. [&hellip;]<\/p>\n","protected":false},"author":1,"featured_media":0,"comment_status":"open","ping_status":"open","sticky":false,"template":"","format":"standard","meta":{"advgb_blocks_editor_width":"","advgb_blocks_columns_visual_guide":"","ngg_post_thumbnail":0},"categories":[1],"tags":[],"author_meta":{"display_name":"\u013dubom\u00edr Franko","author_link":"https:\/\/www.cykloklubpodbiel.sk\/?author=1"},"featured_img":null,"coauthors":[],"tax_additional":{"categories":{"linked":["<a href=\"https:\/\/www.cykloklubpodbiel.sk\/?cat=1\" class=\"advgb-post-tax-term\">Arch\u00edv<\/a>"],"unlinked":["<span class=\"advgb-post-tax-term\">Arch\u00edv<\/span>"]}},"comment_count":"0","relative_dates":{"created":"Posted 15 years ago","modified":"Updated 15 years ago"},"absolute_dates":{"created":"Posted on 8. Febru\u00e1r 2011","modified":"Updated on 9. Febru\u00e1r 2011"},"absolute_dates_time":{"created":"Posted on 8. Febru\u00e1r 2011 8:14","modified":"Updated on 9. Febru\u00e1r 2011 11:56"},"featured_img_caption":"","series_order":"","_links":{"self":[{"href":"https:\/\/www.cykloklubpodbiel.sk\/index.php?rest_route=\/wp\/v2\/posts\/1575"}],"collection":[{"href":"https:\/\/www.cykloklubpodbiel.sk\/index.php?rest_route=\/wp\/v2\/posts"}],"about":[{"href":"https:\/\/www.cykloklubpodbiel.sk\/index.php?rest_route=\/wp\/v2\/types\/post"}],"author":[{"embeddable":true,"href":"https:\/\/www.cykloklubpodbiel.sk\/index.php?rest_route=\/wp\/v2\/users\/1"}],"replies":[{"embeddable":true,"href":"https:\/\/www.cykloklubpodbiel.sk\/index.php?rest_route=%2Fwp%2Fv2%2Fcomments&post=1575"}],"version-history":[{"count":13,"href":"https:\/\/www.cykloklubpodbiel.sk\/index.php?rest_route=\/wp\/v2\/posts\/1575\/revisions"}],"predecessor-version":[{"id":1818,"href":"https:\/\/www.cykloklubpodbiel.sk\/index.php?rest_route=\/wp\/v2\/posts\/1575\/revisions\/1818"}],"wp:attachment":[{"href":"https:\/\/www.cykloklubpodbiel.sk\/index.php?rest_route=%2Fwp%2Fv2%2Fmedia&parent=1575"}],"wp:term":[{"taxonomy":"category","embeddable":true,"href":"https:\/\/www.cykloklubpodbiel.sk\/index.php?rest_route=%2Fwp%2Fv2%2Fcategories&post=1575"},{"taxonomy":"post_tag","embeddable":true,"href":"https:\/\/www.cykloklubpodbiel.sk\/index.php?rest_route=%2Fwp%2Fv2%2Ftags&post=1575"}],"curies":[{"name":"wp","href":"https:\/\/api.w.org\/{rel}","templated":true}]}}