{"id":1539,"date":"2011-02-01T14:38:04","date_gmt":"2011-02-01T13:38:04","guid":{"rendered":"http:\/\/www.cykloklubpodbiel.sk\/?p=1539"},"modified":"2011-02-09T11:54:35","modified_gmt":"2011-02-09T10:54:35","slug":"znacenie-magury","status":"publish","type":"post","link":"https:\/\/www.cykloklubpodbiel.sk\/?p=1539","title":{"rendered":"zna\u010denie prechodu Magurou"},"content":{"rendered":"<div class=\"mceTemp\">\n<div class=\"mceTemp\"><span style=\"font-size: x-small;\"> <\/span><\/div>\n<div id=\"attachment_199\" style=\"width: 309px\" class=\"wp-caption alignleft\"><a href=\"http:\/\/www.cykloklubpodbiel.sk\/wp-content\/uploads\/2011\/01\/znaceniemagury.jpg\"><strong><img aria-describedby=\"caption-attachment-199\" loading=\"lazy\" class=\"size-medium wp-image-199\" title=\"Zna\u010denie trasy a pr\u00edprava vatry na Petrovke\" src=\"http:\/\/www.cykloklubpodbiel.sk\/wp-content\/uploads\/2011\/01\/t_znaceniemagury.jpg\" alt=\"zna\u010denie Podbielanskej Magury\" width=\"299\" height=\"199\" \/><\/strong><\/a><p id=\"caption-attachment-199\" class=\"wp-caption-text\">Zna\u010denie trasy a pr\u00edprava vatry na Petrovke<\/p><\/div>\n<p style=\"text-align: justify;\"><strong>V<\/strong> <span style=\"color: #000000;\">posledn\u00fa janu\u00e1rov\u00fa sobotu<\/span> <strong><span style=\"color: #ff0000;\">29.janu\u00e1ra 2011<\/span><\/strong> <span style=\"color: #000000;\">n\u00e1s \u010dakala pracovn\u00e1 sobota, kedy sme pripravovali trasu prechodu Podbielanskou Magurou. Rozdelili sme sa na dve partie. Prv\u00e1 partia (\u013dubo, Pe\u0165o, Vilo, Dodo a Ivan) sa vydala zav\u010dasu r\u00e1no za hmlist\u00e9ho a mraziv\u00e9ho po\u010dasia na trasu, kde jej hlavnou \u00falohou bolo vy\u010disti\u0165 a vyzna\u010di\u0165 cel\u00fa 18 km trasu prechodu. Aj v tomto ro\u010dnom obdob\u00ed sa uk\u00e1zalo, \u010do dok\u00e1\u017ee inverzia. \u010c\u00edm sme sa dost\u00e1vali vy\u0161\u0161ie, t\u00fdm sa slnko viac a viac opieralo o svahy a bolo \u010doraz teplej\u0161ie. Po\u010das trasy na Petrovku sme museli opravi\u0165 mostek&#8230;<\/span><span style=\"color: #000000;\"> <\/span><\/p>\n<p style=\"text-align: justify;\"><a class=\"aligncenter\" title=\"zna\u010denie prechodu Magurou\" href=\"http:\/\/www.cykloklubpodbiel.sk\/?page_id=1541\" target=\"_blank\">&#8230;cel\u00fd \u010dl\u00e1nok <\/a><\/p>\n<\/div>\n","protected":false},"excerpt":{"rendered":"<p>V posledn\u00fa janu\u00e1rov\u00fa sobotu 29.janu\u00e1ra 2011 n\u00e1s \u010dakala pracovn\u00e1 sobota, kedy sme pripravovali trasu prechodu Podbielanskou Magurou. Rozdelili sme sa na dve partie. Prv\u00e1 partia (\u013dubo, Pe\u0165o, Vilo, Dodo a Ivan) sa vydala zav\u010dasu r\u00e1no za hmlist\u00e9ho a mraziv\u00e9ho po\u010dasia na trasu, kde jej hlavnou \u00falohou bolo vy\u010disti\u0165 a vyzna\u010di\u0165 cel\u00fa 18 km trasu prechodu. [&hellip;]<\/p>\n","protected":false},"author":1,"featured_media":0,"comment_status":"open","ping_status":"open","sticky":false,"template":"","format":"standard","meta":{"advgb_blocks_editor_width":"","advgb_blocks_columns_visual_guide":"","ngg_post_thumbnail":0},"categories":[1],"tags":[],"author_meta":{"display_name":"\u013dubom\u00edr Franko","author_link":"https:\/\/www.cykloklubpodbiel.sk\/?author=1"},"featured_img":null,"coauthors":[],"tax_additional":{"categories":{"linked":["<a href=\"https:\/\/www.cykloklubpodbiel.sk\/?cat=1\" class=\"advgb-post-tax-term\">Arch\u00edv<\/a>"],"unlinked":["<span class=\"advgb-post-tax-term\">Arch\u00edv<\/span>"]}},"comment_count":"0","relative_dates":{"created":"Posted 15 years ago","modified":"Updated 15 years ago"},"absolute_dates":{"created":"Posted on 1. Febru\u00e1r 2011","modified":"Updated on 9. Febru\u00e1r 2011"},"absolute_dates_time":{"created":"Posted on 1. Febru\u00e1r 2011 14:38","modified":"Updated on 9. Febru\u00e1r 2011 11:54"},"featured_img_caption":"","series_order":"","_links":{"self":[{"href":"https:\/\/www.cykloklubpodbiel.sk\/index.php?rest_route=\/wp\/v2\/posts\/1539"}],"collection":[{"href":"https:\/\/www.cykloklubpodbiel.sk\/index.php?rest_route=\/wp\/v2\/posts"}],"about":[{"href":"https:\/\/www.cykloklubpodbiel.sk\/index.php?rest_route=\/wp\/v2\/types\/post"}],"author":[{"embeddable":true,"href":"https:\/\/www.cykloklubpodbiel.sk\/index.php?rest_route=\/wp\/v2\/users\/1"}],"replies":[{"embeddable":true,"href":"https:\/\/www.cykloklubpodbiel.sk\/index.php?rest_route=%2Fwp%2Fv2%2Fcomments&post=1539"}],"version-history":[{"count":13,"href":"https:\/\/www.cykloklubpodbiel.sk\/index.php?rest_route=\/wp\/v2\/posts\/1539\/revisions"}],"predecessor-version":[{"id":1816,"href":"https:\/\/www.cykloklubpodbiel.sk\/index.php?rest_route=\/wp\/v2\/posts\/1539\/revisions\/1816"}],"wp:attachment":[{"href":"https:\/\/www.cykloklubpodbiel.sk\/index.php?rest_route=%2Fwp%2Fv2%2Fmedia&parent=1539"}],"wp:term":[{"taxonomy":"category","embeddable":true,"href":"https:\/\/www.cykloklubpodbiel.sk\/index.php?rest_route=%2Fwp%2Fv2%2Fcategories&post=1539"},{"taxonomy":"post_tag","embeddable":true,"href":"https:\/\/www.cykloklubpodbiel.sk\/index.php?rest_route=%2Fwp%2Fv2%2Ftags&post=1539"}],"curies":[{"name":"wp","href":"https:\/\/api.w.org\/{rel}","templated":true}]}}