{"id":15059,"date":"2019-06-01T20:28:06","date_gmt":"2019-06-01T19:28:06","guid":{"rendered":"http:\/\/www.cykloklubpodbiel.sk\/?p=15059"},"modified":"2019-06-01T20:34:24","modified_gmt":"2019-06-01T19:34:24","slug":"sviatok-mali-deti","status":"publish","type":"post","link":"https:\/\/www.cykloklubpodbiel.sk\/?p=15059","title":{"rendered":"Sviatok mali deti"},"content":{"rendered":"<p><b><a href=\"http:\/\/www.cykloklubpodbiel.sk\/wp-content\/uploads\/2019\/06\/DSC07953.jpg\"><img loading=\"lazy\" class=\"size-medium wp-image-15061 alignleft\" src=\"http:\/\/www.cykloklubpodbiel.sk\/wp-content\/uploads\/2019\/06\/DSC07953-300x200.jpg\" alt=\"\" width=\"300\" height=\"200\" srcset=\"https:\/\/www.cykloklubpodbiel.sk\/wp-content\/uploads\/2019\/06\/DSC07953-300x200.jpg 300w, https:\/\/www.cykloklubpodbiel.sk\/wp-content\/uploads\/2019\/06\/DSC07953-768x511.jpg 768w, https:\/\/www.cykloklubpodbiel.sk\/wp-content\/uploads\/2019\/06\/DSC07953-1024x682.jpg 1024w, https:\/\/www.cykloklubpodbiel.sk\/wp-content\/uploads\/2019\/06\/DSC07953.jpg 1290w\" sizes=\"(max-width: 300px) 100vw, 300px\" \/><\/a>K<\/b>ult\u00farno \u0161portov\u00e1 komisia spolu s&nbsp;Obecn\u00fdm \u00faradom a&nbsp;organiz\u00e1ciami v&nbsp;Podbieli zorganizovali v sobotu&nbsp;<span style=\"color: #ff0000;\"><strong>1. j\u00fana 2019<\/strong><\/span>&nbsp;pr\u00edjemn\u00e9 popoludnie pre deti. Po\u010dasie sa po t\u00fd\u017edni um\u00fadrilo a&nbsp;deti v&nbsp;h\u00fafoch prich\u00e1dzali osl\u00e1vi\u0165 svoj sviatok do \u0161portovej haly. Mal\u00e9 i&nbsp;v\u00e4\u010d\u0161ie deti si mohli zas\u00fa\u0165a\u017ei\u0165 v&nbsp;\u0161portov\u00fdch a&nbsp;vedomostn\u00fdch discipl\u00ednach, ako hod lopti\u010dkou, jazda na&nbsp;kolobe\u017eke, beh cez prek\u00e1\u017eky, chytanie rybi\u010diek, ma\u013eovanie na tv\u00e1r, strie\u013eanie lopti\u010dkou do br\u00e1ny, \u010di strie\u013eanie z&nbsp;luku. Ve\u013ek\u00fdm l\u00e1kadlom boli aj &#8230;&#8230;&#8230;&#8230;<\/p>\n<p style=\"text-align: justify;\"><a class=\"a ligncenter\" title=\"Sviatok mali deti\" href=\"http:\/\/www.cykloklubpodbiel.sk\/?page_id=15063&amp;preview=true\">cel\u00fd \u010dl\u00e1nok<\/a><\/p>\n","protected":false},"excerpt":{"rendered":"<p>Kult\u00farno \u0161portov\u00e1 komisia spolu s&nbsp;Obecn\u00fdm \u00faradom a&nbsp;organiz\u00e1ciami v&nbsp;Podbieli zorganizovali v sobotu&nbsp;1. j\u00fana 2019&nbsp;pr\u00edjemn\u00e9 popoludnie pre deti. Po\u010dasie sa po t\u00fd\u017edni um\u00fadrilo a&nbsp;deti v&nbsp;h\u00fafoch prich\u00e1dzali osl\u00e1vi\u0165 svoj sviatok do \u0161portovej haly. Mal\u00e9 i&nbsp;v\u00e4\u010d\u0161ie deti si mohli zas\u00fa\u0165a\u017ei\u0165 v&nbsp;\u0161portov\u00fdch a&nbsp;vedomostn\u00fdch discipl\u00ednach, ako hod lopti\u010dkou, jazda na&nbsp;kolobe\u017eke, beh cez prek\u00e1\u017eky, chytanie rybi\u010diek, ma\u013eovanie na tv\u00e1r, strie\u013eanie lopti\u010dkou do [&hellip;]<\/p>\n","protected":false},"author":53,"featured_media":0,"comment_status":"open","ping_status":"open","sticky":false,"template":"","format":"standard","meta":{"advgb_blocks_editor_width":"","advgb_blocks_columns_visual_guide":"","ngg_post_thumbnail":0},"categories":[1],"tags":[],"author_meta":{"display_name":"Lubka","author_link":"https:\/\/www.cykloklubpodbiel.sk\/?author=53"},"featured_img":null,"coauthors":[],"tax_additional":{"categories":{"linked":["<a href=\"https:\/\/www.cykloklubpodbiel.sk\/?cat=1\" class=\"advgb-post-tax-term\">Arch\u00edv<\/a>"],"unlinked":["<span class=\"advgb-post-tax-term\">Arch\u00edv<\/span>"]}},"comment_count":"0","relative_dates":{"created":"Posted 7 years ago","modified":"Updated 7 years ago"},"absolute_dates":{"created":"Posted on 1. J\u00fan 2019","modified":"Updated on 1. J\u00fan 2019"},"absolute_dates_time":{"created":"Posted on 1. J\u00fan 2019 20:28","modified":"Updated on 1. J\u00fan 2019 20:34"},"featured_img_caption":"","series_order":"","_links":{"self":[{"href":"https:\/\/www.cykloklubpodbiel.sk\/index.php?rest_route=\/wp\/v2\/posts\/15059"}],"collection":[{"href":"https:\/\/www.cykloklubpodbiel.sk\/index.php?rest_route=\/wp\/v2\/posts"}],"about":[{"href":"https:\/\/www.cykloklubpodbiel.sk\/index.php?rest_route=\/wp\/v2\/types\/post"}],"author":[{"embeddable":true,"href":"https:\/\/www.cykloklubpodbiel.sk\/index.php?rest_route=\/wp\/v2\/users\/53"}],"replies":[{"embeddable":true,"href":"https:\/\/www.cykloklubpodbiel.sk\/index.php?rest_route=%2Fwp%2Fv2%2Fcomments&post=15059"}],"version-history":[{"count":3,"href":"https:\/\/www.cykloklubpodbiel.sk\/index.php?rest_route=\/wp\/v2\/posts\/15059\/revisions"}],"predecessor-version":[{"id":15065,"href":"https:\/\/www.cykloklubpodbiel.sk\/index.php?rest_route=\/wp\/v2\/posts\/15059\/revisions\/15065"}],"wp:attachment":[{"href":"https:\/\/www.cykloklubpodbiel.sk\/index.php?rest_route=%2Fwp%2Fv2%2Fmedia&parent=15059"}],"wp:term":[{"taxonomy":"category","embeddable":true,"href":"https:\/\/www.cykloklubpodbiel.sk\/index.php?rest_route=%2Fwp%2Fv2%2Fcategories&post=15059"},{"taxonomy":"post_tag","embeddable":true,"href":"https:\/\/www.cykloklubpodbiel.sk\/index.php?rest_route=%2Fwp%2Fv2%2Ftags&post=15059"}],"curies":[{"name":"wp","href":"https:\/\/api.w.org\/{rel}","templated":true}]}}