{"id":144,"date":"2010-03-27T19:50:08","date_gmt":"2010-03-27T18:50:08","guid":{"rendered":"http:\/\/www.cykloklubpodbiel.sk\/?p=144"},"modified":"2010-05-03T19:53:07","modified_gmt":"2010-05-03T18:53:07","slug":"rozlucka-so-snehom-na-chate-latana","status":"publish","type":"post","link":"https:\/\/www.cykloklubpodbiel.sk\/?p=144","title":{"rendered":"Rozl\u00fa\u010dka so snehom na chate L\u00e1tan\u00e1"},"content":{"rendered":"<div class=\"mceTemp\" style=\"text-align: justify;\">\n<div class=\"mceTemp\"><span style=\"font-size: x-small;\"> <\/span><\/div>\n<div id=\"attachment_150\" style=\"width: 310px\" class=\"wp-caption alignleft\"><a href=\"http:\/\/www.cykloklubpodbiel.sk\/wp-content\/uploads\/2010\/03\/DSC01296.jpg\"><strong><img aria-describedby=\"caption-attachment-150\" loading=\"lazy\" class=\"size-medium wp-image-150\" title=\"Cestou na chatu L\u00e1tan\u00e1\" src=\"http:\/\/www.cykloklubpodbiel.sk\/wp-content\/uploads\/2010\/03\/DSC01296-300x198.jpg\" alt=\"Cestou na chatu L\u00e1tan\u00e1\" width=\"300\" height=\"198\" srcset=\"https:\/\/www.cykloklubpodbiel.sk\/wp-content\/uploads\/2010\/03\/DSC01296-300x198.jpg 300w, https:\/\/www.cykloklubpodbiel.sk\/wp-content\/uploads\/2010\/03\/DSC01296.jpg 904w\" sizes=\"(max-width: 300px) 100vw, 300px\" \/><\/strong><\/a><p id=\"caption-attachment-150\" class=\"wp-caption-text\">Spolo\u010dn\u00e9 foto na trase na chatu<\/p><\/div>\n<p><strong> <span style=\"color: #000000;\">V<\/span><\/strong><span style=\"color: #000000;\"> sobotu 27.marca 2010 sme sa vydali do\u00a0Roh\u00e1\u010dov na chatu L\u00e1tan\u00e1, na rozl\u00fa\u010dku so snehom, ktor\u00fa organizovali turisti z Ni\u017enej. Po\u010dasie r\u00e1no nevyzeralo najlep\u0161ie. Ve\u010f e\u0161te zav\u010dasu r\u00e1no silno pr\u0161alo a sami sme neverili, \u010di sa po\u010dasie um\u00fadri. No postupne za\u010dalo vyk\u00faka\u0165 slnie\u010dko a n\u00e1m svitla n\u00e1dej. Desiati \u010dlenovia sme sa vydali na trasu dlh\u00fa 6 km. T\u00ed najmlad\u0161\u00ed sa chceli e\u0161te posledn\u00fdkr\u00e1t uk\u00e1za\u0165 na be\u017ek\u00e1ch, no m\u00e1lo snehu a \u013ead im v tom zabr\u00e1nil. Sneh bol iba v niektor\u00fdch \u00fasekoch, a tak sa len ve\u013emi \u0165a\u017eko \u0161\u013eapalo na be\u017ek\u00e1ch. Ako sme sa pomaly bl\u00ed\u017eili ku chate, slnko bolo \u010doraz&#8230;<\/span><a class=\"aligncenter\" title=\"chata L\u00e1tan\u00e1\" href=\"http:\/\/www.cykloklubpodbiel.sk\/?page_id=153 \" target=\"_blank\">&#8230;cel\u00fd \u010dl\u00e1nok <\/a><\/p>\n<\/div>\n","protected":false},"excerpt":{"rendered":"<p>V sobotu 27.marca 2010 sme sa vydali do\u00a0Roh\u00e1\u010dov na chatu L\u00e1tan\u00e1, na rozl\u00fa\u010dku so snehom, ktor\u00fa organizovali turisti z Ni\u017enej. Po\u010dasie r\u00e1no nevyzeralo najlep\u0161ie. Ve\u010f e\u0161te zav\u010dasu r\u00e1no silno pr\u0161alo a sami sme neverili, \u010di sa po\u010dasie um\u00fadri. No postupne za\u010dalo vyk\u00faka\u0165 slnie\u010dko a n\u00e1m svitla n\u00e1dej. Desiati \u010dlenovia sme sa vydali na trasu dlh\u00fa [&hellip;]<\/p>\n","protected":false},"author":1,"featured_media":0,"comment_status":"open","ping_status":"open","sticky":false,"template":"","format":"standard","meta":{"advgb_blocks_editor_width":"","advgb_blocks_columns_visual_guide":"","ngg_post_thumbnail":0},"categories":[1],"tags":[],"author_meta":{"display_name":"\u013dubom\u00edr Franko","author_link":"https:\/\/www.cykloklubpodbiel.sk\/?author=1"},"featured_img":null,"coauthors":[],"tax_additional":{"categories":{"linked":["<a href=\"https:\/\/www.cykloklubpodbiel.sk\/?cat=1\" class=\"advgb-post-tax-term\">Arch\u00edv<\/a>"],"unlinked":["<span class=\"advgb-post-tax-term\">Arch\u00edv<\/span>"]}},"comment_count":"0","relative_dates":{"created":"Posted 16 years ago","modified":"Updated 16 years ago"},"absolute_dates":{"created":"Posted on 27. Marec 2010","modified":"Updated on 3. M\u00e1j 2010"},"absolute_dates_time":{"created":"Posted on 27. Marec 2010 19:50","modified":"Updated on 3. M\u00e1j 2010 19:53"},"featured_img_caption":"","series_order":"","_links":{"self":[{"href":"https:\/\/www.cykloklubpodbiel.sk\/index.php?rest_route=\/wp\/v2\/posts\/144"}],"collection":[{"href":"https:\/\/www.cykloklubpodbiel.sk\/index.php?rest_route=\/wp\/v2\/posts"}],"about":[{"href":"https:\/\/www.cykloklubpodbiel.sk\/index.php?rest_route=\/wp\/v2\/types\/post"}],"author":[{"embeddable":true,"href":"https:\/\/www.cykloklubpodbiel.sk\/index.php?rest_route=\/wp\/v2\/users\/1"}],"replies":[{"embeddable":true,"href":"https:\/\/www.cykloklubpodbiel.sk\/index.php?rest_route=%2Fwp%2Fv2%2Fcomments&post=144"}],"version-history":[{"count":46,"href":"https:\/\/www.cykloklubpodbiel.sk\/index.php?rest_route=\/wp\/v2\/posts\/144\/revisions"}],"predecessor-version":[{"id":655,"href":"https:\/\/www.cykloklubpodbiel.sk\/index.php?rest_route=\/wp\/v2\/posts\/144\/revisions\/655"}],"wp:attachment":[{"href":"https:\/\/www.cykloklubpodbiel.sk\/index.php?rest_route=%2Fwp%2Fv2%2Fmedia&parent=144"}],"wp:term":[{"taxonomy":"category","embeddable":true,"href":"https:\/\/www.cykloklubpodbiel.sk\/index.php?rest_route=%2Fwp%2Fv2%2Fcategories&post=144"},{"taxonomy":"post_tag","embeddable":true,"href":"https:\/\/www.cykloklubpodbiel.sk\/index.php?rest_route=%2Fwp%2Fv2%2Ftags&post=144"}],"curies":[{"name":"wp","href":"https:\/\/api.w.org\/{rel}","templated":true}]}}