{"id":1312,"date":"2011-01-05T17:19:28","date_gmt":"2011-01-05T16:19:28","guid":{"rendered":"http:\/\/www.cykloklubpodbiel.sk\/?p=1312"},"modified":"2011-01-05T17:19:28","modified_gmt":"2011-01-05T16:19:28","slug":"silvestrovska-kapustnica","status":"publish","type":"post","link":"https:\/\/www.cykloklubpodbiel.sk\/?p=1312","title":{"rendered":"Silvestrovsk\u00e1 kapustnica"},"content":{"rendered":"<div class=\"mceTemp\">\n<div class=\"mceTemp\"><span style=\"font-size: x-small;\"> <\/span><\/div>\n<div id=\"attachment_199\" style=\"width: 309px\" class=\"wp-caption alignleft\"><a href=\"http:\/\/www.cykloklubpodbiel.sk\/wp-content\/uploads\/2010\/12\/kapustnicacskala.jpg\"><strong><img aria-describedby=\"caption-attachment-199\" loading=\"lazy\" class=\"size-medium wp-image-199\" title=\"Pr\u00edprava Silvestrovskej kapustnice\" src=\"http:\/\/www.cykloklubpodbiel.sk\/wp-content\/uploads\/2010\/12\/t_kapustnicacskala.jpg\" alt=\"Pr\u00edprava Silvestrovskej kapustnice \" width=\"299\" height=\"199\" \/><\/strong><\/a><p id=\"caption-attachment-199\" class=\"wp-caption-text\">Pr\u00edprava Silvestrovskej kapustnice <\/p><\/div>\n<p style=\"text-align: justify;\"><span style=\"color: #000000;\"><strong>S<\/strong><\/span><span style=\"color: #000000;\">ilvester je posledn\u00fd de\u0148 v roku a tak sme sa ho my, cykloturisti z Podbiela rozhodli pre\u017ei\u0165 spolo\u010dne. D\u0148a <strong><span style=\"color: #ff0000;\">31.12.2010<\/span><\/strong> sme si napl\u00e1novali &#8220;Silvestrovsk\u00fa kapustnicu&#8221; na \u010cervenej skale. <\/span><span style=\"color: #333333;\"><em>Na \u010cervenej skale sa nach\u00e1dza miesto, kde aj dnes je mo\u017en\u00e9 n\u00e1js\u0165 skameneliny- fos\u00edlie r\u00f4znych \u017eivo\u010d\u00edchov. Pod\u013ea povesti tam vraj kedysi d\u00e1vno pastieri na\u0161li aj skamenelinu \u013eudsk\u00e9ho tela. Pastieri ju \u00fadajne rozbili, preto\u017ee boli zvedav\u00ed, \u010do n\u00e1jdu vo vn\u00fatri&#8230; . Vraj sa podarilo miestnemu u\u010dite\u013eovi zachr\u00e1ni\u0165 \u010das\u0165 hlavy, ktor\u00e1 sa mala dosta\u0165 do nemenovan\u00e9ho m\u00fazea v Budape\u0161ti\u00a0&#8230;<\/em><\/span><span style=\"color: #000000;\"> <\/span><\/p>\n<p style=\"text-align: justify;\"><a class=\"aligncenter\" title=\"voovec\" href=\"http:\/\/www.cykloklubpodbiel.sk\/?page_id=1317\" target=\"_blank\">&#8230;cel\u00fd \u010dl\u00e1nok <\/a><\/p>\n<\/div>\n","protected":false},"excerpt":{"rendered":"<p>Silvester je posledn\u00fd de\u0148 v roku a tak sme sa ho my, cykloturisti z Podbiela rozhodli pre\u017ei\u0165 spolo\u010dne. D\u0148a 31.12.2010 sme si napl\u00e1novali &#8220;Silvestrovsk\u00fa kapustnicu&#8221; na \u010cervenej skale. Na \u010cervenej skale sa nach\u00e1dza miesto, kde aj dnes je mo\u017en\u00e9 n\u00e1js\u0165 skameneliny- fos\u00edlie r\u00f4znych \u017eivo\u010d\u00edchov. Pod\u013ea povesti tam vraj kedysi d\u00e1vno pastieri na\u0161li aj skamenelinu \u013eudsk\u00e9ho [&hellip;]<\/p>\n","protected":false},"author":1,"featured_media":0,"comment_status":"open","ping_status":"open","sticky":false,"template":"","format":"standard","meta":{"advgb_blocks_editor_width":"","advgb_blocks_columns_visual_guide":"","ngg_post_thumbnail":0},"categories":[1],"tags":[],"author_meta":{"display_name":"\u013dubom\u00edr Franko","author_link":"https:\/\/www.cykloklubpodbiel.sk\/?author=1"},"featured_img":null,"coauthors":[],"tax_additional":{"categories":{"linked":["<a href=\"https:\/\/www.cykloklubpodbiel.sk\/?cat=1\" class=\"advgb-post-tax-term\">Arch\u00edv<\/a>"],"unlinked":["<span class=\"advgb-post-tax-term\">Arch\u00edv<\/span>"]}},"comment_count":"0","relative_dates":{"created":"Posted 15 years ago","modified":"Updated 15 years ago"},"absolute_dates":{"created":"Posted on 5. Janu\u00e1r 2011","modified":"Updated on 5. Janu\u00e1r 2011"},"absolute_dates_time":{"created":"Posted on 5. Janu\u00e1r 2011 17:19","modified":"Updated on 5. Janu\u00e1r 2011 17:19"},"featured_img_caption":"","series_order":"","_links":{"self":[{"href":"https:\/\/www.cykloklubpodbiel.sk\/index.php?rest_route=\/wp\/v2\/posts\/1312"}],"collection":[{"href":"https:\/\/www.cykloklubpodbiel.sk\/index.php?rest_route=\/wp\/v2\/posts"}],"about":[{"href":"https:\/\/www.cykloklubpodbiel.sk\/index.php?rest_route=\/wp\/v2\/types\/post"}],"author":[{"embeddable":true,"href":"https:\/\/www.cykloklubpodbiel.sk\/index.php?rest_route=\/wp\/v2\/users\/1"}],"replies":[{"embeddable":true,"href":"https:\/\/www.cykloklubpodbiel.sk\/index.php?rest_route=%2Fwp%2Fv2%2Fcomments&post=1312"}],"version-history":[{"count":10,"href":"https:\/\/www.cykloklubpodbiel.sk\/index.php?rest_route=\/wp\/v2\/posts\/1312\/revisions"}],"predecessor-version":[{"id":1346,"href":"https:\/\/www.cykloklubpodbiel.sk\/index.php?rest_route=\/wp\/v2\/posts\/1312\/revisions\/1346"}],"wp:attachment":[{"href":"https:\/\/www.cykloklubpodbiel.sk\/index.php?rest_route=%2Fwp%2Fv2%2Fmedia&parent=1312"}],"wp:term":[{"taxonomy":"category","embeddable":true,"href":"https:\/\/www.cykloklubpodbiel.sk\/index.php?rest_route=%2Fwp%2Fv2%2Fcategories&post=1312"},{"taxonomy":"post_tag","embeddable":true,"href":"https:\/\/www.cykloklubpodbiel.sk\/index.php?rest_route=%2Fwp%2Fv2%2Ftags&post=1312"}],"curies":[{"name":"wp","href":"https:\/\/api.w.org\/{rel}","templated":true}]}}