{"id":12173,"date":"2017-08-02T20:19:38","date_gmt":"2017-08-02T19:19:38","guid":{"rendered":"http:\/\/www.cykloklubpodbiel.sk\/?p=12173"},"modified":"2017-08-02T20:19:38","modified_gmt":"2017-08-02T19:19:38","slug":"kosenie-chodnikov","status":"publish","type":"post","link":"https:\/\/www.cykloklubpodbiel.sk\/?p=12173","title":{"rendered":"Kosenie chodn\u00edkov"},"content":{"rendered":"<p><b><a href=\"http:\/\/www.cykloklubpodbiel.sk\/wp-content\/uploads\/2017\/08\/1-1.jpg\"><img loading=\"lazy\" class=\"size-medium wp-image-12175 alignleft\" src=\"http:\/\/www.cykloklubpodbiel.sk\/wp-content\/uploads\/2017\/08\/1-1-300x200.jpg\" alt=\"\" width=\"300\" height=\"200\" srcset=\"https:\/\/www.cykloklubpodbiel.sk\/wp-content\/uploads\/2017\/08\/1-1-300x200.jpg 300w, https:\/\/www.cykloklubpodbiel.sk\/wp-content\/uploads\/2017\/08\/1-1-768x511.jpg 768w, https:\/\/www.cykloklubpodbiel.sk\/wp-content\/uploads\/2017\/08\/1-1-1024x682.jpg 1024w, https:\/\/www.cykloklubpodbiel.sk\/wp-content\/uploads\/2017\/08\/1-1.jpg 1290w\" sizes=\"(max-width: 300px) 100vw, 300px\" \/><\/a>C<\/b>ykloturistick\u00fd klub Podbiel po\u010das roka organizuje r\u00f4zne brig\u00e1dy a&nbsp;jedna z&nbsp;nich sa uskuto\u010dnila &nbsp;d\u0148a &nbsp;<span style=\"color: #ff0000;\"><strong>31. j\u00fala 2017. <\/strong><\/span>\u00dalohou bolo pokosi\u0165 priestory&nbsp; cyklotrasy, &nbsp;smerom na Kriv\u00fa. Po pr\u00edchode na miesto sme boli v\u0161ak v\u0161etci &nbsp;milo prekvapen\u00ed. Cel\u00fd chodn\u00edk n\u00e1m na Kriv\u00fa pokosil Milo\u0161 K. za \u010do mu pekne \u010fakujeme. \u010clenovia tak mohli v&nbsp;r\u00e1mci brig\u00e1dy \u00eds\u0165 na \u010cerven\u00fa skalu, ktor\u00e1 je mimoriadne turistami cez cel\u00fd rok nav\u0161tevovan\u00e1. &#8230;.<\/p>\n<p style=\"text-align: justify;\"><a class=\"a ligncenter\" title=\"Kosenie chodn\u00edkov\" href=\"http:\/\/www.cykloklubpodbiel.sk\/?page_id=12174&amp;preview=true\">cel\u00fd \u010dl\u00e1nok<\/a><\/p>\n","protected":false},"excerpt":{"rendered":"<p>Cykloturistick\u00fd klub Podbiel po\u010das roka organizuje r\u00f4zne brig\u00e1dy a&nbsp;jedna z&nbsp;nich sa uskuto\u010dnila &nbsp;d\u0148a &nbsp;31. j\u00fala 2017. \u00dalohou bolo pokosi\u0165 priestory&nbsp; cyklotrasy, &nbsp;smerom na Kriv\u00fa. Po pr\u00edchode na miesto sme boli v\u0161ak v\u0161etci &nbsp;milo prekvapen\u00ed. Cel\u00fd chodn\u00edk n\u00e1m na Kriv\u00fa pokosil Milo\u0161 K. za \u010do mu pekne \u010fakujeme. \u010clenovia tak mohli v&nbsp;r\u00e1mci brig\u00e1dy \u00eds\u0165 na \u010cerven\u00fa [&hellip;]<\/p>\n","protected":false},"author":53,"featured_media":0,"comment_status":"open","ping_status":"open","sticky":false,"template":"","format":"standard","meta":{"advgb_blocks_editor_width":"","advgb_blocks_columns_visual_guide":"","ngg_post_thumbnail":0},"categories":[1],"tags":[],"author_meta":{"display_name":"Lubka","author_link":"https:\/\/www.cykloklubpodbiel.sk\/?author=53"},"featured_img":null,"coauthors":[],"tax_additional":{"categories":{"linked":["<a href=\"https:\/\/www.cykloklubpodbiel.sk\/?cat=1\" class=\"advgb-post-tax-term\">Arch\u00edv<\/a>"],"unlinked":["<span class=\"advgb-post-tax-term\">Arch\u00edv<\/span>"]}},"comment_count":"0","relative_dates":{"created":"Posted 9 years ago","modified":"Updated 9 years ago"},"absolute_dates":{"created":"Posted on 2. August 2017","modified":"Updated on 2. August 2017"},"absolute_dates_time":{"created":"Posted on 2. August 2017 20:19","modified":"Updated on 2. August 2017 20:19"},"featured_img_caption":"","series_order":"","_links":{"self":[{"href":"https:\/\/www.cykloklubpodbiel.sk\/index.php?rest_route=\/wp\/v2\/posts\/12173"}],"collection":[{"href":"https:\/\/www.cykloklubpodbiel.sk\/index.php?rest_route=\/wp\/v2\/posts"}],"about":[{"href":"https:\/\/www.cykloklubpodbiel.sk\/index.php?rest_route=\/wp\/v2\/types\/post"}],"author":[{"embeddable":true,"href":"https:\/\/www.cykloklubpodbiel.sk\/index.php?rest_route=\/wp\/v2\/users\/53"}],"replies":[{"embeddable":true,"href":"https:\/\/www.cykloklubpodbiel.sk\/index.php?rest_route=%2Fwp%2Fv2%2Fcomments&post=12173"}],"version-history":[{"count":3,"href":"https:\/\/www.cykloklubpodbiel.sk\/index.php?rest_route=\/wp\/v2\/posts\/12173\/revisions"}],"predecessor-version":[{"id":12180,"href":"https:\/\/www.cykloklubpodbiel.sk\/index.php?rest_route=\/wp\/v2\/posts\/12173\/revisions\/12180"}],"wp:attachment":[{"href":"https:\/\/www.cykloklubpodbiel.sk\/index.php?rest_route=%2Fwp%2Fv2%2Fmedia&parent=12173"}],"wp:term":[{"taxonomy":"category","embeddable":true,"href":"https:\/\/www.cykloklubpodbiel.sk\/index.php?rest_route=%2Fwp%2Fv2%2Fcategories&post=12173"},{"taxonomy":"post_tag","embeddable":true,"href":"https:\/\/www.cykloklubpodbiel.sk\/index.php?rest_route=%2Fwp%2Fv2%2Ftags&post=12173"}],"curies":[{"name":"wp","href":"https:\/\/api.w.org\/{rel}","templated":true}]}}