{"id":11962,"date":"2017-06-05T22:24:07","date_gmt":"2017-06-05T21:24:07","guid":{"rendered":"http:\/\/www.cykloklubpodbiel.sk\/?p=11962"},"modified":"2017-06-05T22:24:07","modified_gmt":"2017-06-05T21:24:07","slug":"medzinarodny-den-deti-2","status":"publish","type":"post","link":"https:\/\/www.cykloklubpodbiel.sk\/?p=11962","title":{"rendered":"Medzin\u00e1rodn\u00fd de\u0148 det\u00ed"},"content":{"rendered":"<p><b><a href=\"http:\/\/www.cykloklubpodbiel.sk\/wp-content\/uploads\/2017\/06\/DSC07512.jpg\"><img loading=\"lazy\" class=\"size-medium wp-image-11963 alignleft\" src=\"http:\/\/www.cykloklubpodbiel.sk\/wp-content\/uploads\/2017\/06\/DSC07512-300x225.jpg\" alt=\"\" width=\"300\" height=\"225\" srcset=\"https:\/\/www.cykloklubpodbiel.sk\/wp-content\/uploads\/2017\/06\/DSC07512-300x225.jpg 300w, https:\/\/www.cykloklubpodbiel.sk\/wp-content\/uploads\/2017\/06\/DSC07512-768x576.jpg 768w, https:\/\/www.cykloklubpodbiel.sk\/wp-content\/uploads\/2017\/06\/DSC07512-1024x768.jpg 1024w, https:\/\/www.cykloklubpodbiel.sk\/wp-content\/uploads\/2017\/06\/DSC07512.jpg 1147w\" sizes=\"(max-width: 300px) 100vw, 300px\" \/><\/a>D<\/b>e\u0148 det\u00ed v na\u0161ej obci sa organizoval&nbsp;<span style=\"color: #ff0000;\"><strong>3. j\u00fana 2017&nbsp;<\/strong><\/span>za kr\u00e1sneho slne\u010dn\u00e9ho po\u010dasia. \u010clenovia cykloturistick\u00e9ho klubu&nbsp; pripravili pre deti jazdu zru\u010dnosti na bicykli. \u00dalohou bolo prejs\u0165 okolo ku\u017ee\u013eov pod\u013ea vyzna\u010denej dr\u00e1hy a prek\u00e1\u017ekovej rampy. Za jazdu zru\u010dnosti boli deti\u010dky odmenen\u00e9 malou sladkos\u0165ou. O\u010dividne sa im na\u0161a jazdn\u00e1 dr\u00e1ha p\u00e1\u010dila, preto\u017ee deti si vysk\u00fa\u0161ali jazdu aj viackr\u00e1t. &#8230;.<\/p>\n<p style=\"text-align: justify;\"><a class=\"a ligncenter\" title=\"Medzin\u00e1rodn\u00fd de\u0148 det\u00ed\" href=\"http:\/\/www.cykloklubpodbiel.sk\/?page_id=11966&amp;preview=true\">cel\u00fd \u010dl\u00e1nok<\/a><\/p>\n","protected":false},"excerpt":{"rendered":"<p>De\u0148 det\u00ed v na\u0161ej obci sa organizoval&nbsp;3. j\u00fana 2017&nbsp;za kr\u00e1sneho slne\u010dn\u00e9ho po\u010dasia. \u010clenovia cykloturistick\u00e9ho klubu&nbsp; pripravili pre deti jazdu zru\u010dnosti na bicykli. \u00dalohou bolo prejs\u0165 okolo ku\u017ee\u013eov pod\u013ea vyzna\u010denej dr\u00e1hy a prek\u00e1\u017ekovej rampy. Za jazdu zru\u010dnosti boli deti\u010dky odmenen\u00e9 malou sladkos\u0165ou. O\u010dividne sa im na\u0161a jazdn\u00e1 dr\u00e1ha p\u00e1\u010dila, preto\u017ee deti si vysk\u00fa\u0161ali jazdu aj viackr\u00e1t. [&hellip;]<\/p>\n","protected":false},"author":53,"featured_media":0,"comment_status":"open","ping_status":"open","sticky":false,"template":"","format":"standard","meta":{"advgb_blocks_editor_width":"","advgb_blocks_columns_visual_guide":"","ngg_post_thumbnail":0},"categories":[1],"tags":[],"author_meta":{"display_name":"Lubka","author_link":"https:\/\/www.cykloklubpodbiel.sk\/?author=53"},"featured_img":null,"coauthors":[],"tax_additional":{"categories":{"linked":["<a href=\"https:\/\/www.cykloklubpodbiel.sk\/?cat=1\" class=\"advgb-post-tax-term\">Arch\u00edv<\/a>"],"unlinked":["<span class=\"advgb-post-tax-term\">Arch\u00edv<\/span>"]}},"comment_count":"0","relative_dates":{"created":"Posted 9 years ago","modified":"Updated 9 years ago"},"absolute_dates":{"created":"Posted on 5. J\u00fan 2017","modified":"Updated on 5. J\u00fan 2017"},"absolute_dates_time":{"created":"Posted on 5. J\u00fan 2017 22:24","modified":"Updated on 5. J\u00fan 2017 22:24"},"featured_img_caption":"","series_order":"","_links":{"self":[{"href":"https:\/\/www.cykloklubpodbiel.sk\/index.php?rest_route=\/wp\/v2\/posts\/11962"}],"collection":[{"href":"https:\/\/www.cykloklubpodbiel.sk\/index.php?rest_route=\/wp\/v2\/posts"}],"about":[{"href":"https:\/\/www.cykloklubpodbiel.sk\/index.php?rest_route=\/wp\/v2\/types\/post"}],"author":[{"embeddable":true,"href":"https:\/\/www.cykloklubpodbiel.sk\/index.php?rest_route=\/wp\/v2\/users\/53"}],"replies":[{"embeddable":true,"href":"https:\/\/www.cykloklubpodbiel.sk\/index.php?rest_route=%2Fwp%2Fv2%2Fcomments&post=11962"}],"version-history":[{"count":10,"href":"https:\/\/www.cykloklubpodbiel.sk\/index.php?rest_route=\/wp\/v2\/posts\/11962\/revisions"}],"predecessor-version":[{"id":12004,"href":"https:\/\/www.cykloklubpodbiel.sk\/index.php?rest_route=\/wp\/v2\/posts\/11962\/revisions\/12004"}],"wp:attachment":[{"href":"https:\/\/www.cykloklubpodbiel.sk\/index.php?rest_route=%2Fwp%2Fv2%2Fmedia&parent=11962"}],"wp:term":[{"taxonomy":"category","embeddable":true,"href":"https:\/\/www.cykloklubpodbiel.sk\/index.php?rest_route=%2Fwp%2Fv2%2Fcategories&post=11962"},{"taxonomy":"post_tag","embeddable":true,"href":"https:\/\/www.cykloklubpodbiel.sk\/index.php?rest_route=%2Fwp%2Fv2%2Ftags&post=11962"}],"curies":[{"name":"wp","href":"https:\/\/api.w.org\/{rel}","templated":true}]}}