{"id":1014,"date":"2010-09-14T10:19:01","date_gmt":"2010-09-14T09:19:01","guid":{"rendered":"http:\/\/www.cykloklubpodbiel.sk\/?p=1014"},"modified":"2010-09-14T15:07:43","modified_gmt":"2010-09-14T14:07:43","slug":"posedenie-pri-gulasi","status":"publish","type":"post","link":"https:\/\/www.cykloklubpodbiel.sk\/?p=1014","title":{"rendered":"Posedenie pri gul\u00e1\u0161i"},"content":{"rendered":"<div class=\"mceTemp\">\n<div class=\"mceTemp\"><span style=\"font-size: x-small;\"> <\/span><\/div>\n<div id=\"attachment_199\" style=\"width: 309px\" class=\"wp-caption alignleft\"><a href=\"http:\/\/www.cykloklubpodbiel.sk\/wp-content\/uploads\/2010\/09\/gulas1.jpg\"><strong><img aria-describedby=\"caption-attachment-199\" loading=\"lazy\" class=\"size-medium wp-image-150\" title=\"Cykloturisti pripraven\u00ed na \u010fal\u0161iu cyklot\u00faru\" src=\"http:\/\/www.cykloklubpodbiel.sk\/wp-content\/uploads\/2010\/09\/t_gulas1.jpg\" alt=\"Cykloturisti pripraven\u00ed na \u010fal\u0161iu cyklot\u00faru\" width=\"299\" height=\"199\" \/><\/strong><\/a><p id=\"caption-attachment-199\" class=\"wp-caption-text\">Cykloturisti s\u00fa pripraven\u00ed na \u010fal\u0161iu cyklot\u00faru<\/p><\/div>\n<p style=\"text-align: justify;\"><span style=\"color: #000000;\"><strong>V<\/strong> nede\u013eu<\/span><span style=\"color: #ff0000;\"> <strong>12.septembra   2010<\/strong><\/span> <span style=\"color: #000000;\">n\u00e1s \u010dakala pr\u00edjemn\u00e1 akcia, posedenie \u010dlenov Cykloturistick\u00e9ho klubu Podbiel pri gul\u00e1\u0161i. Po predch\u00e1dzaj\u00facich da\u017ediv\u00fdch d\u0148och sme sa r\u00e1no zobudili do pr\u00edjemn\u00e9ho d\u0148a, kedy nepr\u0161alo a bola ve\u013ek\u00e1 n\u00e1dej, \u017ee vyjde aj slnko. R\u00e1no sme sa rozdelili na tri partie. Jedna skupinka, t\u00e1, ktorej adrenal\u00edn nie je cudz\u00ed, vy\u0161tartovala smerom na Zemiansku Dedinu a cez Oravsk\u00fa Maguru pre\u0161li horsk\u00fdm prostred\u00edm sp\u00e4\u0165 do Podbiela. Po ceste nazbierali e\u0161te aj zop\u00e1r jesenn\u00fdch hr\u00edbov. Druh\u00e1 skupinka vy\u0161tartovala smerom na Zuberec&#8230;.<br \/>\n<\/span><\/p>\n<p style=\"text-align: justify;\"><a class=\"aligncenter\" title=\"gulas\" href=\"http:\/\/www.cykloklubpodbiel.sk\/?page_id=1020\" target=\"_blank\">&#8230;cel\u00fd \u010dl\u00e1nok <\/a><\/p>\n<\/div>\n","protected":false},"excerpt":{"rendered":"<p>V nede\u013eu 12.septembra 2010 n\u00e1s \u010dakala pr\u00edjemn\u00e1 akcia, posedenie \u010dlenov Cykloturistick\u00e9ho klubu Podbiel pri gul\u00e1\u0161i. Po predch\u00e1dzaj\u00facich da\u017ediv\u00fdch d\u0148och sme sa r\u00e1no zobudili do pr\u00edjemn\u00e9ho d\u0148a, kedy nepr\u0161alo a bola ve\u013ek\u00e1 n\u00e1dej, \u017ee vyjde aj slnko. R\u00e1no sme sa rozdelili na tri partie. Jedna skupinka, t\u00e1, ktorej adrenal\u00edn nie je cudz\u00ed, vy\u0161tartovala smerom na Zemiansku [&hellip;]<\/p>\n","protected":false},"author":1,"featured_media":0,"comment_status":"open","ping_status":"open","sticky":false,"template":"","format":"standard","meta":{"advgb_blocks_editor_width":"","advgb_blocks_columns_visual_guide":"","ngg_post_thumbnail":0},"categories":[1],"tags":[],"author_meta":{"display_name":"\u013dubom\u00edr Franko","author_link":"https:\/\/www.cykloklubpodbiel.sk\/?author=1"},"featured_img":null,"coauthors":[],"tax_additional":{"categories":{"linked":["<a href=\"https:\/\/www.cykloklubpodbiel.sk\/?cat=1\" class=\"advgb-post-tax-term\">Arch\u00edv<\/a>"],"unlinked":["<span class=\"advgb-post-tax-term\">Arch\u00edv<\/span>"]}},"comment_count":"0","relative_dates":{"created":"Posted 16 years ago","modified":"Updated 16 years ago"},"absolute_dates":{"created":"Posted on 14. September 2010","modified":"Updated on 14. September 2010"},"absolute_dates_time":{"created":"Posted on 14. September 2010 10:19","modified":"Updated on 14. September 2010 15:07"},"featured_img_caption":"","series_order":"","_links":{"self":[{"href":"https:\/\/www.cykloklubpodbiel.sk\/index.php?rest_route=\/wp\/v2\/posts\/1014"}],"collection":[{"href":"https:\/\/www.cykloklubpodbiel.sk\/index.php?rest_route=\/wp\/v2\/posts"}],"about":[{"href":"https:\/\/www.cykloklubpodbiel.sk\/index.php?rest_route=\/wp\/v2\/types\/post"}],"author":[{"embeddable":true,"href":"https:\/\/www.cykloklubpodbiel.sk\/index.php?rest_route=\/wp\/v2\/users\/1"}],"replies":[{"embeddable":true,"href":"https:\/\/www.cykloklubpodbiel.sk\/index.php?rest_route=%2Fwp%2Fv2%2Fcomments&post=1014"}],"version-history":[{"count":8,"href":"https:\/\/www.cykloklubpodbiel.sk\/index.php?rest_route=\/wp\/v2\/posts\/1014\/revisions"}],"predecessor-version":[{"id":1044,"href":"https:\/\/www.cykloklubpodbiel.sk\/index.php?rest_route=\/wp\/v2\/posts\/1014\/revisions\/1044"}],"wp:attachment":[{"href":"https:\/\/www.cykloklubpodbiel.sk\/index.php?rest_route=%2Fwp%2Fv2%2Fmedia&parent=1014"}],"wp:term":[{"taxonomy":"category","embeddable":true,"href":"https:\/\/www.cykloklubpodbiel.sk\/index.php?rest_route=%2Fwp%2Fv2%2Fcategories&post=1014"},{"taxonomy":"post_tag","embeddable":true,"href":"https:\/\/www.cykloklubpodbiel.sk\/index.php?rest_route=%2Fwp%2Fv2%2Ftags&post=1014"}],"curies":[{"name":"wp","href":"https:\/\/api.w.org\/{rel}","templated":true}]}}