{"id":1,"date":"2010-03-13T17:23:17","date_gmt":"2010-03-13T16:23:17","guid":{"rendered":"http:\/\/www.cykloklubpodbiel.sk\/?p=1"},"modified":"2010-05-03T19:54:44","modified_gmt":"2010-05-03T18:54:44","slug":"oravska-lesna","status":"publish","type":"post","link":"https:\/\/www.cykloklubpodbiel.sk\/?p=1","title":{"rendered":"VI.ro\u010dn\u00edk &#8220;Horizont Erd\u00fatky&#8221; Oravsk\u00e1 Lesn\u00e1"},"content":{"rendered":"<div class=\"mceTemp\">\n<div class=\"mceTemp\">\n<dl id=\"attachment_32\" class=\"wp-caption alignleft\" style=\"width: 300px;\">\n<dt class=\"wp-caption-dt\"><a href=\"http:\/\/www.cykloklubpodbiel.sk\/wp-content\/uploads\/2010\/03\/DSC01204-904x600.jpg\"><img loading=\"lazy\" class=\"size-medium wp-image-32\" style=\"float: right;\" title=\"IV.ro\u010dn\u00edk &quot;Horizont Erd\u00fatky&quot; Or. Lesn\u00e1\" src=\"http:\/\/www.cykloklubpodbiel.sk\/wp-content\/uploads\/2010\/03\/DSC01204-300x199.jpg\" alt=\"Na hornej stanici vleku\" width=\"300\" height=\"199\" srcset=\"https:\/\/www.cykloklubpodbiel.sk\/wp-content\/uploads\/2010\/03\/DSC01204-300x199.jpg 300w, https:\/\/www.cykloklubpodbiel.sk\/wp-content\/uploads\/2010\/03\/DSC01204-1024x680.jpg 1024w\" sizes=\"(max-width: 300px) 100vw, 300px\" \/><\/a><\/dt>\n<dd class=\"wp-caption-dd\">Dobyvatelia horizontu v Or. Lesnej<\/dd>\n<\/dl>\n<p style=\"text-align: justify;\"><strong> <span style=\"color: #000000;\">D<\/span><\/strong><span style=\"color: #000000;\">\u0148a 13.marca 2010 snehu u\u017e bolo v dolin\u00e1ch ve\u013emi m\u00e1lo, no my sme sa vybrali na vyvrcholenie tohtoro\u010dn\u00fdch zimn\u00fdch prechodov do Oravskej Lesnej, kde b\u00fdva e\u0161te v\u017edy snehu dostatok. Nebolo to in\u00e1\u010d ani v tomto roku, kedy u\u017e\u00a0 od v\u010deraj\u0161ieho ve\u010dera sne\u017eilo. V Oravskej Lesnej n\u00e1m u\u017e pri prezent\u00e1cii vyhr\u00e1vala hudba z miestneho rozhlasu. Zi\u0161lo sa tu op\u00e4\u0165 neuverite\u013en\u00e9 mno\u017estvo \u013eud\u00ed zo v\u0161etk\u00fdch k\u00fatov Slovenska. E\u0161te sme si namazali ly\u017ee a vy\u0161tartovali sme na tra\u0165 dlh\u00fa 25 km. Po\u010das prv\u00e9ho, asi najkraj\u0161ieho \u00faseku, ktor\u00fd prech\u00e1dza lesom po lesnej ceste, sme\u00a0 si miernym dolu&#8230;<\/span><\/p>\n<p><a class=\"aligncenter\" title=\"Or.Lesn\u00e1\" href=\"http:\/\/www.cykloklubpodbiel.sk\/?page_id=44 \" target=\"_blank\">&#8230;cel\u00fd \u010dl\u00e1nok <\/a><\/p>\n<\/div>\n<\/div>\n","protected":false},"excerpt":{"rendered":"<p>Dobyvatelia horizontu v Or. Lesnej D\u0148a 13.marca 2010 snehu u\u017e bolo v dolin\u00e1ch ve\u013emi m\u00e1lo, no my sme sa vybrali na vyvrcholenie tohtoro\u010dn\u00fdch zimn\u00fdch prechodov do Oravskej Lesnej, kde b\u00fdva e\u0161te v\u017edy snehu dostatok. Nebolo to in\u00e1\u010d ani v tomto roku, kedy u\u017e\u00a0 od v\u010deraj\u0161ieho ve\u010dera sne\u017eilo. V Oravskej Lesnej n\u00e1m u\u017e pri prezent\u00e1cii vyhr\u00e1vala [&hellip;]<\/p>\n","protected":false},"author":1,"featured_media":0,"comment_status":"open","ping_status":"open","sticky":false,"template":"","format":"standard","meta":{"advgb_blocks_editor_width":"","advgb_blocks_columns_visual_guide":"","ngg_post_thumbnail":0},"categories":[1],"tags":[],"author_meta":{"display_name":"\u013dubom\u00edr Franko","author_link":"https:\/\/www.cykloklubpodbiel.sk\/?author=1"},"featured_img":null,"coauthors":[],"tax_additional":{"categories":{"linked":["<a href=\"https:\/\/www.cykloklubpodbiel.sk\/?cat=1\" class=\"advgb-post-tax-term\">Arch\u00edv<\/a>"],"unlinked":["<span class=\"advgb-post-tax-term\">Arch\u00edv<\/span>"]}},"comment_count":"0","relative_dates":{"created":"Posted 16 years ago","modified":"Updated 16 years ago"},"absolute_dates":{"created":"Posted on 13. Marec 2010","modified":"Updated on 3. M\u00e1j 2010"},"absolute_dates_time":{"created":"Posted on 13. Marec 2010 17:23","modified":"Updated on 3. M\u00e1j 2010 19:54"},"featured_img_caption":"","series_order":"","_links":{"self":[{"href":"https:\/\/www.cykloklubpodbiel.sk\/index.php?rest_route=\/wp\/v2\/posts\/1"}],"collection":[{"href":"https:\/\/www.cykloklubpodbiel.sk\/index.php?rest_route=\/wp\/v2\/posts"}],"about":[{"href":"https:\/\/www.cykloklubpodbiel.sk\/index.php?rest_route=\/wp\/v2\/types\/post"}],"author":[{"embeddable":true,"href":"https:\/\/www.cykloklubpodbiel.sk\/index.php?rest_route=\/wp\/v2\/users\/1"}],"replies":[{"embeddable":true,"href":"https:\/\/www.cykloklubpodbiel.sk\/index.php?rest_route=%2Fwp%2Fv2%2Fcomments&post=1"}],"version-history":[{"count":77,"href":"https:\/\/www.cykloklubpodbiel.sk\/index.php?rest_route=\/wp\/v2\/posts\/1\/revisions"}],"predecessor-version":[{"id":657,"href":"https:\/\/www.cykloklubpodbiel.sk\/index.php?rest_route=\/wp\/v2\/posts\/1\/revisions\/657"}],"wp:attachment":[{"href":"https:\/\/www.cykloklubpodbiel.sk\/index.php?rest_route=%2Fwp%2Fv2%2Fmedia&parent=1"}],"wp:term":[{"taxonomy":"category","embeddable":true,"href":"https:\/\/www.cykloklubpodbiel.sk\/index.php?rest_route=%2Fwp%2Fv2%2Fcategories&post=1"},{"taxonomy":"post_tag","embeddable":true,"href":"https:\/\/www.cykloklubpodbiel.sk\/index.php?rest_route=%2Fwp%2Fv2%2Ftags&post=1"}],"curies":[{"name":"wp","href":"https:\/\/api.w.org\/{rel}","templated":true}]}}